{"id":51833,"date":"2025-03-08T00:04:29","date_gmt":"2025-03-08T06:04:29","guid":{"rendered":"https:\/\/noticiasveracruz.com\/?p=51833"},"modified":"2025-03-07T21:18:17","modified_gmt":"2025-03-08T03:18:17","slug":"cobaev-mejorar-planeacion-educativa","status":"publish","type":"post","link":"https:\/\/noticiasveracruz.com\/index.php\/2025\/03\/08\/cobaev-mejorar-planeacion-educativa\/","title":{"rendered":"COBAEV mejorar planeaci\u00f3n educativa"},"content":{"rendered":"<p>En la Primera Sesi\u00f3n 2025 del Consejo Consultivo de Directores del Colegio de Bachilleres del Estado de Veracruz (COBAEV), rindieron protesta los integrantes de este \u00f3rgano colegiado, presidido por la directora general, Carla Lizeth Rosas Mora.<\/p>\n<p>Durante la sesi\u00f3n, se destacaron tanto los logros del \u00e1rea acad\u00e9mica como de los alumnos de la instituci\u00f3n educativa en diferentes competencias nacionales e internacionales; tambi\u00e9n se anunci\u00f3 el regreso del Encuentro de Conocimientos, Arte, Cultura y Deporte, donde los estudiantes muestran su talento en un \u00e1mbito de sana competencia.<\/p>\n<p>Los ocho coordinadores de Zona y 71 directores de los planteles del COBAEV, participaron de manera virtual y escucharon la conferencia La planeaci\u00f3n encaminada hacia una rep\u00fablica innovadora y humanista, que ofreci\u00f3 el subsecretario de Educaci\u00f3n Media Superior y Superior, El\u00edas Calixto Armas.<\/p>\n<p>El servidor p\u00fablico afirm\u00f3 que la transformaci\u00f3n educativa en Veracruz es un compromiso inquebrantable que impulsa el desarrollo social y la justicia educativa, y subray\u00f3 la importancia de una planeaci\u00f3n estrat\u00e9gica que responda a las necesidades reales de las comunidades.<\/p>\n<p>Resalt\u00f3 la importancia de la equidad de g\u00e9nero y el liderazgo de mujeres comprometidas con el bienestar del pa\u00eds, como la presidenta Claudia Sheinbaum Pardo, la gobernadora de Roc\u00edo Nahle Garc\u00eda, y la secretaria de Educaci\u00f3n, Claudia Tello Espinosa.<\/p>\n<p>De esta manera, se hizo patente que, con unidad y compromiso, la actual administraci\u00f3n trabaja para hacer del COBAEV una instituci\u00f3n m\u00e1s fuerte, incluyente y humanista, donde prevalezca una educaci\u00f3n innovadora y de excelencia.<\/p>\n","protected":false},"excerpt":{"rendered":"<p>En la Primera Sesi\u00f3n 2025 del Consejo Consultivo de Directores del Colegio de Bachilleres del Estado de Veracruz (COBAEV), rindieron<\/p>\n","protected":false},"author":4,"featured_media":51834,"comment_status":"closed","ping_status":"closed","sticky":false,"template":"","format":"standard","meta":{"colormag_page_container_layout":"default_layout","colormag_page_sidebar_layout":"default_layout","_jetpack_memberships_contains_paid_content":false,"footnotes":"","jetpack_publicize_message":"","jetpack_publicize_feature_enabled":true,"jetpack_social_post_already_shared":true,"jetpack_social_options":{"image_generator_settings":{"template":"highway","default_image_id":0,"font":"","enabled":false},"version":2}},"categories":[356],"tags":[],"class_list":["post-51833","post","type-post","status-publish","format-standard","has-post-thumbnail","hentry","category-veracruz"],"jetpack_publicize_connections":[],"jetpack_featured_media_url":"https:\/\/noticiasveracruz.com\/wp-content\/uploads\/2025\/03\/9c-2.jpg","jetpack_sharing_enabled":true,"publishpress_future_action":{"enabled":false,"date":"2026-05-08 11:58:40","action":"change-status","newStatus":"draft","terms":[],"taxonomy":"category","extraData":[]},"publishpress_future_workflow_manual_trigger":{"enabledWorkflows":[]},"_links":{"self":[{"href":"https:\/\/noticiasveracruz.com\/index.php\/wp-json\/wp\/v2\/posts\/51833","targetHints":{"allow":["GET"]}}],"collection":[{"href":"https:\/\/noticiasveracruz.com\/index.php\/wp-json\/wp\/v2\/posts"}],"about":[{"href":"https:\/\/noticiasveracruz.com\/index.php\/wp-json\/wp\/v2\/types\/post"}],"author":[{"embeddable":true,"href":"https:\/\/noticiasveracruz.com\/index.php\/wp-json\/wp\/v2\/users\/4"}],"replies":[{"embeddable":true,"href":"https:\/\/noticiasveracruz.com\/index.php\/wp-json\/wp\/v2\/comments?post=51833"}],"version-history":[{"count":0,"href":"https:\/\/noticiasveracruz.com\/index.php\/wp-json\/wp\/v2\/posts\/51833\/revisions"}],"wp:featuredmedia":[{"embeddable":true,"href":"https:\/\/noticiasveracruz.com\/index.php\/wp-json\/wp\/v2\/media\/51834"}],"wp:attachment":[{"href":"https:\/\/noticiasveracruz.com\/index.php\/wp-json\/wp\/v2\/media?parent=51833"}],"wp:term":[{"taxonomy":"category","embeddable":true,"href":"https:\/\/noticiasveracruz.com\/index.php\/wp-json\/wp\/v2\/categories?post=51833"},{"taxonomy":"post_tag","embeddable":true,"href":"https:\/\/noticiasveracruz.com\/index.php\/wp-json\/wp\/v2\/tags?post=51833"}],"curies":[{"name":"wp","href":"https:\/\/api.w.org\/{rel}","templated":true}]}}