{"id":51830,"date":"2025-03-08T00:03:14","date_gmt":"2025-03-08T06:03:14","guid":{"rendered":"https:\/\/noticiasveracruz.com\/?p=51830"},"modified":"2025-03-07T21:17:23","modified_gmt":"2025-03-08T03:17:23","slug":"bloquea-fredepo-avenida-m-aleman","status":"publish","type":"post","link":"https:\/\/noticiasveracruz.com\/index.php\/2025\/03\/08\/bloquea-fredepo-avenida-m-aleman\/","title":{"rendered":"Bloquea Fredepo avenida M. Alem\u00e1n"},"content":{"rendered":"<p>Integrantes del Frente de Defensa Popular (Fredepo) protestaron y bloquearon avenida Miguel Alem\u00e1n, en la ciudad de Xalapa, frente a las oficinas de la Comisi\u00f3n Municipal de Agua y Saneamiento (CMAS), para denunciar que la imposici\u00f3n de tarifas elevadas por este servicio b\u00e1sico.<\/p>\n<p>Las personas indicaron que las aumentan cada a\u00f1o y ahora resulta m\u00e1s dif\u00edcil para las familias de escasos recursos cubrir el servicio de CMAS.<\/p>\n<p>Tambi\u00e9n reclamaron la rendici\u00f3n de cuentas en CMAS, pues aseguran que ingresan m\u00e1s de 2 millones 400 mil pesos y en los \u00faltimos cuatro a\u00f1os no se ha transparentado el uso de los recursos.<\/p>\n<p>\u201cNo a la alza de las tarifas en CMAS; no a las camionetas de lujo; no a esquilmadores, no a los sueldazos a tanto jefe z\u00e1ngano\u201d, se le\u00eda en sus pancartas.<\/p>\n<p>De acuerdo con Ra\u00fal Ruiz, representante de Fredepo, en ocasiones los recibos llegan a los domicilios por una cantidad de siete mil pesos, lo que resulta excesivo.<\/p>\n<p>Por tal motivo, continuar\u00e1n las protestas en las siguientes semanas, para que CMAS realice las revisiones necesarias y cesen los cobros excesivos en la capital.<\/p>\n","protected":false},"excerpt":{"rendered":"<p>Integrantes del Frente de Defensa Popular (Fredepo) protestaron y bloquearon avenida Miguel Alem\u00e1n, en la ciudad de Xalapa, frente a<\/p>\n","protected":false},"author":4,"featured_media":51831,"comment_status":"closed","ping_status":"closed","sticky":false,"template":"","format":"standard","meta":{"colormag_page_container_layout":"default_layout","colormag_page_sidebar_layout":"default_layout","_jetpack_memberships_contains_paid_content":false,"footnotes":"","jetpack_publicize_message":"","jetpack_publicize_feature_enabled":true,"jetpack_social_post_already_shared":true,"jetpack_social_options":{"image_generator_settings":{"template":"highway","default_image_id":0,"font":"","enabled":false},"version":2}},"categories":[356],"tags":[],"class_list":["post-51830","post","type-post","status-publish","format-standard","has-post-thumbnail","hentry","category-veracruz"],"jetpack_publicize_connections":[],"jetpack_featured_media_url":"https:\/\/noticiasveracruz.com\/wp-content\/uploads\/2025\/03\/10a1.jpg","jetpack_sharing_enabled":true,"publishpress_future_action":{"enabled":false,"date":"2026-05-08 12:51:09","action":"change-status","newStatus":"draft","terms":[],"taxonomy":"category","extraData":[]},"publishpress_future_workflow_manual_trigger":{"enabledWorkflows":[]},"_links":{"self":[{"href":"https:\/\/noticiasveracruz.com\/index.php\/wp-json\/wp\/v2\/posts\/51830","targetHints":{"allow":["GET"]}}],"collection":[{"href":"https:\/\/noticiasveracruz.com\/index.php\/wp-json\/wp\/v2\/posts"}],"about":[{"href":"https:\/\/noticiasveracruz.com\/index.php\/wp-json\/wp\/v2\/types\/post"}],"author":[{"embeddable":true,"href":"https:\/\/noticiasveracruz.com\/index.php\/wp-json\/wp\/v2\/users\/4"}],"replies":[{"embeddable":true,"href":"https:\/\/noticiasveracruz.com\/index.php\/wp-json\/wp\/v2\/comments?post=51830"}],"version-history":[{"count":0,"href":"https:\/\/noticiasveracruz.com\/index.php\/wp-json\/wp\/v2\/posts\/51830\/revisions"}],"wp:featuredmedia":[{"embeddable":true,"href":"https:\/\/noticiasveracruz.com\/index.php\/wp-json\/wp\/v2\/media\/51831"}],"wp:attachment":[{"href":"https:\/\/noticiasveracruz.com\/index.php\/wp-json\/wp\/v2\/media?parent=51830"}],"wp:term":[{"taxonomy":"category","embeddable":true,"href":"https:\/\/noticiasveracruz.com\/index.php\/wp-json\/wp\/v2\/categories?post=51830"},{"taxonomy":"post_tag","embeddable":true,"href":"https:\/\/noticiasveracruz.com\/index.php\/wp-json\/wp\/v2\/tags?post=51830"}],"curies":[{"name":"wp","href":"https:\/\/api.w.org\/{rel}","templated":true}]}}