{"id":51808,"date":"2025-03-07T00:18:25","date_gmt":"2025-03-07T06:18:25","guid":{"rendered":"https:\/\/noticiasveracruz.com\/?p=51808"},"modified":"2025-03-06T22:35:22","modified_gmt":"2025-03-07T04:35:22","slug":"argentina-gobierno-anuncia-eliminacion-del-instituto-nacional-del-cancer","status":"publish","type":"post","link":"https:\/\/noticiasveracruz.com\/index.php\/2025\/03\/07\/argentina-gobierno-anuncia-eliminacion-del-instituto-nacional-del-cancer\/","title":{"rendered":"Argentina: gobierno anuncia eliminaci\u00f3n del Instituto Nacional del C\u00e1ncer"},"content":{"rendered":"<p class=\"nota-justify\">El gobierno argentino anunci\u00f3 este jueves que eliminar\u00e1 el Instituto Nacional del C\u00e1ncer por detectar \u00abduplicidad de tareas\u00bb y para tener \u00abmayor control de las acciones\u00bb, que ser\u00e1n absorbidas por el Ministerio de Salud nacional.<\/p>\n<p class=\"nota-justify\">La cartera emiti\u00f3 un comunicado en la red social X en el que asegur\u00f3 que se detectaron \u00abproblemas log\u00edsticos, con entrega de medicamentos al borde de su vencimiento, compras ineficientes y programas y estructuras duplicadas\u00bb que ya se realizaban en otras entidades estatales.<\/p>\n<p class=\"nota-justify\">El ejecutivo, comandado por el presidente ultraliberal Javier Milei, se\u00f1al\u00f3 que existieron \u00abgraves fallas\u00bb en compras de medicamentos y puso como ejemplo una adquisici\u00f3n de 2023, cuando gobernaba el ex presidente de centro-izquierda Alberto Fern\u00e1ndez, que deriv\u00f3 en el desecho de \u00ab400 mil unidades de morfina vencida\u00bb.<\/p>\n<p class=\"nota-justify\">El Ministerio de Salud remarc\u00f3 en su comunicado que la medida \u00abno afectar\u00e1 la continuidad de ning\u00fan programa que garantizaba el Instituto Nacional del C\u00e1ncer y solo es un cambio administrativo que apunta a corregir los problemas encontrados\u00bb, pero no aclar\u00f3 si despedir\u00e1n a alguno de los 183 empleados que tiene el organismo.<\/p>\n<p class=\"nota-justify\">Apenas la semana pasada decenas de organizaciones sanitarias, sindicatos de m\u00e9dicos y enfermeros, asociaciones de pacientes y organismos de derechos humanos, marcharon en Buenos Aires para reclamar al gobierno de Milei por los despidos, el desfinanciamiento de programas de atenci\u00f3n y el recorte de insumos m\u00e9dicos.<\/p>\n<p class=\"nota-justify\">El anuncio de este jueves se suma a los otros recortes de organismos estatales que Milei realiz\u00f3 desde que asumi\u00f3 la presidencia en diciembre de 2023, como la eliminaci\u00f3n del Instituto de Cine, el Ministerio de la Mujer, el Instituto contra la Discriminaci\u00f3n y de la agencia de noticias estatal T\u00e9lam, entidades que calific\u00f3 como \u00abcajas de militancia\u00bb.<\/p>\n<p>El mandatario derechista tambi\u00e9n celebr\u00f3 este s\u00e1bado, en la apertura de sesiones ordinarias del Congreso, el despido de 40 mil empleados p\u00fablicos, pero un informe del Centro de Econom\u00eda Pol\u00edtica Argentina (CEPA) estim\u00f3 que ser\u00edan unos 43 mil, en base a datos del Instituto de Estad\u00edsticas nacional.<\/p>\n","protected":false},"excerpt":{"rendered":"<p>El gobierno argentino anunci\u00f3 este jueves que eliminar\u00e1 el Instituto Nacional del C\u00e1ncer por detectar \u00abduplicidad de tareas\u00bb y para<\/p>\n","protected":false},"author":4,"featured_media":51809,"comment_status":"closed","ping_status":"closed","sticky":false,"template":"","format":"standard","meta":{"colormag_page_container_layout":"default_layout","colormag_page_sidebar_layout":"default_layout","_jetpack_memberships_contains_paid_content":false,"footnotes":"","jetpack_publicize_message":"","jetpack_publicize_feature_enabled":true,"jetpack_social_post_already_shared":true,"jetpack_social_options":{"image_generator_settings":{"template":"highway","default_image_id":0,"font":"","enabled":false},"version":2}},"categories":[355],"tags":[],"class_list":["post-51808","post","type-post","status-publish","format-standard","has-post-thumbnail","hentry","category-internacional"],"jetpack_publicize_connections":[],"jetpack_featured_media_url":"https:\/\/noticiasveracruz.com\/wp-content\/uploads\/2025\/03\/CA.jpg","jetpack_sharing_enabled":true,"publishpress_future_action":{"enabled":false,"date":"2026-05-08 12:54:24","action":"change-status","newStatus":"draft","terms":[],"taxonomy":"category","extraData":[]},"publishpress_future_workflow_manual_trigger":{"enabledWorkflows":[]},"_links":{"self":[{"href":"https:\/\/noticiasveracruz.com\/index.php\/wp-json\/wp\/v2\/posts\/51808","targetHints":{"allow":["GET"]}}],"collection":[{"href":"https:\/\/noticiasveracruz.com\/index.php\/wp-json\/wp\/v2\/posts"}],"about":[{"href":"https:\/\/noticiasveracruz.com\/index.php\/wp-json\/wp\/v2\/types\/post"}],"author":[{"embeddable":true,"href":"https:\/\/noticiasveracruz.com\/index.php\/wp-json\/wp\/v2\/users\/4"}],"replies":[{"embeddable":true,"href":"https:\/\/noticiasveracruz.com\/index.php\/wp-json\/wp\/v2\/comments?post=51808"}],"version-history":[{"count":0,"href":"https:\/\/noticiasveracruz.com\/index.php\/wp-json\/wp\/v2\/posts\/51808\/revisions"}],"wp:featuredmedia":[{"embeddable":true,"href":"https:\/\/noticiasveracruz.com\/index.php\/wp-json\/wp\/v2\/media\/51809"}],"wp:attachment":[{"href":"https:\/\/noticiasveracruz.com\/index.php\/wp-json\/wp\/v2\/media?parent=51808"}],"wp:term":[{"taxonomy":"category","embeddable":true,"href":"https:\/\/noticiasveracruz.com\/index.php\/wp-json\/wp\/v2\/categories?post=51808"},{"taxonomy":"post_tag","embeddable":true,"href":"https:\/\/noticiasveracruz.com\/index.php\/wp-json\/wp\/v2\/tags?post=51808"}],"curies":[{"name":"wp","href":"https:\/\/api.w.org\/{rel}","templated":true}]}}