{"id":51805,"date":"2025-03-07T00:17:18","date_gmt":"2025-03-07T06:17:18","guid":{"rendered":"https:\/\/noticiasveracruz.com\/?p=51805"},"modified":"2025-03-06T22:33:23","modified_gmt":"2025-03-07T04:33:23","slug":"maduro-exige-al-presidente-de-guyana-dejar-de-provocar-a-venezuela","status":"publish","type":"post","link":"https:\/\/noticiasveracruz.com\/index.php\/2025\/03\/07\/maduro-exige-al-presidente-de-guyana-dejar-de-provocar-a-venezuela\/","title":{"rendered":"Maduro exige al presidente de Guyana dejar de \u00abprovocar\u00bb a Venezuela"},"content":{"rendered":"<p class=\"nota-justify\">El presidente de Venezuela, Nicol\u00e1s Maduro, rechaz\u00f3 este jueves las provocaciones de su hom\u00f3logo de Guyana, Irfaan Ali, a quien acus\u00f3 de violar las leyes internacionales al disponer de una zona mar\u00edtima pendiente por delimitar.<\/p>\n<p class=\"nota-justify\">\u00abEl se\u00f1or Irfaan, presidente de Guyana, debe rectificar de inmediato y dejar de provocar a Venezuela, dejar de violar las leyes internacionales, sentarse a hablar cara a cara conmigo \u00bfO es que tiene miedo? \u00bfO es que teme? \u00bfQu\u00e9 teme el Zelenski del Caribe que no cumple los acuerdos?\u00bb, expres\u00f3 Maduro durante su programa \u00abCon Maduro de Repente\u00bb.<\/p>\n<p class=\"nota-justify\">Maduro denunci\u00f3 que el gobierno de Guyana entr\u00f3 en un \u00abespiral guerrerista contra Venezuela\u00bb, y reiter\u00f3 su convocatoria a la activaci\u00f3n del mecanismo de Argyle, el acuerdo de no agresi\u00f3n firmado entre Caracas y Georgetown el 14 de diciembre de 2023, y en el cual acordaron que \u00abno amenazar\u00e1n ni usar\u00e1n la fuerza uno contra el otro en ninguna circunstancia\u00bb.<\/p>\n<p class=\"nota-justify\">\u00abYo he pedido se convoque de inmediato una reuni\u00f3n del acuerdo de Argyle para cara a cara demostrarle a \u00e9l (Ali) c\u00f3mo est\u00e1 violando las leyes internacionales y c\u00f3mo est\u00e1 utilizando el mar por delimitar, solo se puede delimitar entre dos pa\u00edses que se sientan y acuerdan el mar, as\u00ed lo tenemos delimitados en toda la fachada Caribe y lo saben los pa\u00edses del Caribe\u00bb, acot\u00f3.<\/p>\n<p class=\"nota-justify\">Maduro asegur\u00f3 que su pa\u00eds cuenta con los documentos originales que demuestran que Venezuela es \u00abposeedora\u00bb de la Guayana Esequiba.<\/p>\n<p class=\"nota-justify\">Las tensiones entre Caracas y Georgetown aumentaron despu\u00e9s que Guyana recibiera ofertas por ocho de los 14 bloques petrol\u00edferos que salieron a licitaci\u00f3n en diciembre de 2022, entre las que se encuentra la compa\u00f1\u00eda estadunidense ExxonMobil.<\/p>\n<p class=\"nota-justify\">Caracas consider\u00f3 esta situaci\u00f3n como una confabulaci\u00f3n de Washington con ExxonMobil para despojar al pa\u00eds de sus derechos sobre el territorio, y realiz\u00f3 un referendo consultivo sobre la protecci\u00f3n de la Guayana Esequiba, el 3 de diciembre de 2023, el cual obtuvo m\u00e1s de 10 millones de votos.<\/p>\n<p class=\"nota-justify\">Tras la consulta, Maduro y Ali se reunieron en San Vicente y las Granadinas, donde expresaron su disposici\u00f3n de continuar con el di\u00e1logo para dirimir la controversia por el territorio Esequibo.<\/p>\n<p class=\"nota-justify\">Adem\u00e1s, convinieron que cualquier controversia entre los dos Estados se resolver\u00e1 de conformidad con el derecho internacional, incluido, el Acuerdo de Ginebra del 17 de febrero de 1966.<\/p>\n<p class=\"nota-justify\">Desde hace m\u00e1s de 100 a\u00f1os Venezuela y Guyana mantienen un diferendo sobre la soberan\u00eda de la Regi\u00f3n del Esequibo, que abarca unos 160 mil kil\u00f3metros cuadrados al oeste del r\u00edo Esequibo y posee grandes reservas de petr\u00f3leo.<\/p>\n<p class=\"nota-justify\">En 1966, ambas naciones firmaron un acuerdo para buscar una soluci\u00f3n pac\u00edfica a esta disputa, pero Guyana introdujo en 2018 una demanda ante la Corte Internacional de Justicia en la que pide al tribunal validar legalmente el laudo arbitral de 1899, que le da control absoluto sobre el territorio.<\/p>\n","protected":false},"excerpt":{"rendered":"<p>El presidente de Venezuela, Nicol\u00e1s Maduro, rechaz\u00f3 este jueves las provocaciones de su hom\u00f3logo de Guyana, Irfaan Ali, a quien<\/p>\n","protected":false},"author":4,"featured_media":51806,"comment_status":"closed","ping_status":"closed","sticky":false,"template":"","format":"standard","meta":{"colormag_page_container_layout":"default_layout","colormag_page_sidebar_layout":"default_layout","_jetpack_memberships_contains_paid_content":false,"footnotes":"","jetpack_publicize_message":"","jetpack_publicize_feature_enabled":true,"jetpack_social_post_already_shared":true,"jetpack_social_options":{"image_generator_settings":{"template":"highway","default_image_id":0,"font":"","enabled":false},"version":2}},"categories":[355],"tags":[],"class_list":["post-51805","post","type-post","status-publish","format-standard","has-post-thumbnail","hentry","category-internacional"],"jetpack_publicize_connections":[],"jetpack_featured_media_url":"https:\/\/noticiasveracruz.com\/wp-content\/uploads\/2025\/03\/MAAAA.jpg","jetpack_sharing_enabled":true,"publishpress_future_action":{"enabled":false,"date":"2026-05-08 11:58:39","action":"change-status","newStatus":"draft","terms":[],"taxonomy":"category","extraData":[]},"publishpress_future_workflow_manual_trigger":{"enabledWorkflows":[]},"_links":{"self":[{"href":"https:\/\/noticiasveracruz.com\/index.php\/wp-json\/wp\/v2\/posts\/51805","targetHints":{"allow":["GET"]}}],"collection":[{"href":"https:\/\/noticiasveracruz.com\/index.php\/wp-json\/wp\/v2\/posts"}],"about":[{"href":"https:\/\/noticiasveracruz.com\/index.php\/wp-json\/wp\/v2\/types\/post"}],"author":[{"embeddable":true,"href":"https:\/\/noticiasveracruz.com\/index.php\/wp-json\/wp\/v2\/users\/4"}],"replies":[{"embeddable":true,"href":"https:\/\/noticiasveracruz.com\/index.php\/wp-json\/wp\/v2\/comments?post=51805"}],"version-history":[{"count":0,"href":"https:\/\/noticiasveracruz.com\/index.php\/wp-json\/wp\/v2\/posts\/51805\/revisions"}],"wp:featuredmedia":[{"embeddable":true,"href":"https:\/\/noticiasveracruz.com\/index.php\/wp-json\/wp\/v2\/media\/51806"}],"wp:attachment":[{"href":"https:\/\/noticiasveracruz.com\/index.php\/wp-json\/wp\/v2\/media?parent=51805"}],"wp:term":[{"taxonomy":"category","embeddable":true,"href":"https:\/\/noticiasveracruz.com\/index.php\/wp-json\/wp\/v2\/categories?post=51805"},{"taxonomy":"post_tag","embeddable":true,"href":"https:\/\/noticiasveracruz.com\/index.php\/wp-json\/wp\/v2\/tags?post=51805"}],"curies":[{"name":"wp","href":"https:\/\/api.w.org\/{rel}","templated":true}]}}