{"id":51787,"date":"2025-03-07T00:11:54","date_gmt":"2025-03-07T06:11:54","guid":{"rendered":"https:\/\/noticiasveracruz.com\/?p=51787"},"modified":"2025-03-06T21:42:45","modified_gmt":"2025-03-07T03:42:45","slug":"aplazamiento-de-aranceles-da-respiro-al-sector-exportador-amacarga","status":"publish","type":"post","link":"https:\/\/noticiasveracruz.com\/index.php\/2025\/03\/07\/aplazamiento-de-aranceles-da-respiro-al-sector-exportador-amacarga\/","title":{"rendered":"Aplazamiento de aranceles da respiro al sector exportador: Amacarga"},"content":{"rendered":"<p>La nueva pausa para imponer aranceles a productos de M\u00e9xico por parte de Estados Unidos da un respiro al sector exportador y permitir\u00e1 que se reduzca el tr\u00e1fico en aduanas reportado en las \u00faltimas horas, se\u00f1al\u00f3 la Asociaci\u00f3n Mexicana de Agentes de Carga (Amacarga).<\/p>\n<p>El organismo reconoci\u00f3 que la negociaci\u00f3n del gobierno de la presidenta Claudia Sheinbaum Pardo con la administraci\u00f3n de Estados Unidos para aplazar al 2 de abril la aplicaci\u00f3n de aranceles a mercanc\u00edas mexicanas.<\/p>\n<p>No obstante, coment\u00f3 que no desaparece la incertidumbre, por lo que es fundamental lograr un acuerdo duradero y de largo plazo para dar confianza y tranquilidad a inversionistas, a los mercados y a las operaciones del comercio exterior.<\/p>\n<p>\u00abEntendemos que M\u00e9xico y otras naciones enfrentan una actitud del presidente Donald Trump que busca sistem\u00e1ticamente generar incertidumbre y hasta p\u00e1nico como una v\u00eda de negociaci\u00f3n, pero es precisamente esta actitud y este hecho, lo que impide planear a largo plazo y dejar que las relaciones de intercambio fluyan\u201d, se\u00f1al\u00f3 Juan Pablo Pacheco, presidente del organismo.<\/p>\n","protected":false},"excerpt":{"rendered":"<p>La nueva pausa para imponer aranceles a productos de M\u00e9xico por parte de Estados Unidos da un respiro al sector<\/p>\n","protected":false},"author":4,"featured_media":51788,"comment_status":"closed","ping_status":"closed","sticky":false,"template":"","format":"standard","meta":{"colormag_page_container_layout":"default_layout","colormag_page_sidebar_layout":"default_layout","_jetpack_memberships_contains_paid_content":false,"footnotes":"","jetpack_publicize_message":"","jetpack_publicize_feature_enabled":true,"jetpack_social_post_already_shared":true,"jetpack_social_options":{"image_generator_settings":{"template":"highway","default_image_id":0,"font":"","enabled":false},"version":2}},"categories":[1947],"tags":[],"class_list":["post-51787","post","type-post","status-publish","format-standard","has-post-thumbnail","hentry","category-economia"],"jetpack_publicize_connections":[],"jetpack_featured_media_url":"https:\/\/noticiasveracruz.com\/wp-content\/uploads\/2025\/03\/ACA.jpg","jetpack_sharing_enabled":true,"publishpress_future_action":{"enabled":false,"date":"2026-05-08 08:44:30","action":"change-status","newStatus":"draft","terms":[],"taxonomy":"category","extraData":[]},"publishpress_future_workflow_manual_trigger":{"enabledWorkflows":[]},"_links":{"self":[{"href":"https:\/\/noticiasveracruz.com\/index.php\/wp-json\/wp\/v2\/posts\/51787","targetHints":{"allow":["GET"]}}],"collection":[{"href":"https:\/\/noticiasveracruz.com\/index.php\/wp-json\/wp\/v2\/posts"}],"about":[{"href":"https:\/\/noticiasveracruz.com\/index.php\/wp-json\/wp\/v2\/types\/post"}],"author":[{"embeddable":true,"href":"https:\/\/noticiasveracruz.com\/index.php\/wp-json\/wp\/v2\/users\/4"}],"replies":[{"embeddable":true,"href":"https:\/\/noticiasveracruz.com\/index.php\/wp-json\/wp\/v2\/comments?post=51787"}],"version-history":[{"count":0,"href":"https:\/\/noticiasveracruz.com\/index.php\/wp-json\/wp\/v2\/posts\/51787\/revisions"}],"wp:featuredmedia":[{"embeddable":true,"href":"https:\/\/noticiasveracruz.com\/index.php\/wp-json\/wp\/v2\/media\/51788"}],"wp:attachment":[{"href":"https:\/\/noticiasveracruz.com\/index.php\/wp-json\/wp\/v2\/media?parent=51787"}],"wp:term":[{"taxonomy":"category","embeddable":true,"href":"https:\/\/noticiasveracruz.com\/index.php\/wp-json\/wp\/v2\/categories?post=51787"},{"taxonomy":"post_tag","embeddable":true,"href":"https:\/\/noticiasveracruz.com\/index.php\/wp-json\/wp\/v2\/tags?post=51787"}],"curies":[{"name":"wp","href":"https:\/\/api.w.org\/{rel}","templated":true}]}}