{"id":51784,"date":"2025-03-07T00:10:32","date_gmt":"2025-03-07T06:10:32","guid":{"rendered":"https:\/\/noticiasveracruz.com\/?p=51784"},"modified":"2025-03-06T21:37:25","modified_gmt":"2025-03-07T03:37:25","slug":"trump-firma-orden-ejecutiva-para-crear-reserva-de-bitcoin","status":"publish","type":"post","link":"https:\/\/noticiasveracruz.com\/index.php\/2025\/03\/07\/trump-firma-orden-ejecutiva-para-crear-reserva-de-bitcoin\/","title":{"rendered":"Trump firma orden ejecutiva para crear reserva de bitc\u00f3in"},"content":{"rendered":"<p class=\"nota-justify\">El presidente de Estados Unidos, Donald Trump, firm\u00f3 el jueves una orden ejecutiva para establecer una reserva estrat\u00e9gica de bitc\u00f3in, que se capitalizar\u00e1 con bitcoines confiscados como parte de procedimientos de decomiso de activos penales o civiles.<\/p>\n<p class=\"nota-justify\">\u201cHace apenas unos minutos, el presidente Trump firm\u00f3 una orden ejecutiva para establecer una reserva estrat\u00e9gica de bitc\u00f3in. La reserva se capitalizar\u00e1 con bitcoines propiedad del gobierno federal que fueron confiscados como parte de procedimientos de decomiso de activos penales o civiles. Esto significa que no les costar\u00e1 ni un centavo a los contribuyentes\u201d, anunci\u00f3 David Sacks, zar de las criptomonedas y la Inteligencia Artificial de la actual administraci\u00f3n, mediante un mensaje en la red social X.<\/p>\n<p class=\"nota-justify\">Seg\u00fan Sacks, Estados Unidos tiene alrededor de 200 mil bitcoines, aunque nunca se ha realizado una auditor\u00eda completa.<\/p>\n<p class=\"nota-justify\">\u201cEstados Unidos no vender\u00e1 ning\u00fan bitc\u00f3in depositado en la Reserva. Se mantendr\u00e1 como reserva de valor&#8230; Los secretarios del Tesoro y de Comercio est\u00e1n autorizados a desarrollar estrategias neutrales desde el punto de vista presupuestario para adquirir bitcoines adicionales, siempre que esas estrategias no tengan costos adicionales para los contribuyentes estadunidenses\u201d, agreg\u00f3 el funcionario.<\/p>\n<p class=\"nota-justify\">Sacks adelant\u00f3 adem\u00e1s que se crear\u00e1 una Reserva de Activos Digitales de Estados Unidos, que consistir\u00e1 en activos digitales distintos del bitc\u00f3in incautados en procedimientos penales o civiles..<\/p>\n<p>Tras el anuncio de la creaci\u00f3n de la reserva estrat\u00e9gica, la cotizaci\u00f3n del bitc\u00f3in cay\u00f3 5 por ciento.<\/p>\n","protected":false},"excerpt":{"rendered":"<p>El presidente de Estados Unidos, Donald Trump, firm\u00f3 el jueves una orden ejecutiva para establecer una reserva estrat\u00e9gica de bitc\u00f3in,<\/p>\n","protected":false},"author":4,"featured_media":51785,"comment_status":"closed","ping_status":"closed","sticky":false,"template":"","format":"standard","meta":{"colormag_page_container_layout":"default_layout","colormag_page_sidebar_layout":"default_layout","_jetpack_memberships_contains_paid_content":false,"footnotes":"","jetpack_publicize_message":"","jetpack_publicize_feature_enabled":true,"jetpack_social_post_already_shared":true,"jetpack_social_options":{"image_generator_settings":{"template":"highway","default_image_id":0,"font":"","enabled":false},"version":2}},"categories":[1947],"tags":[],"class_list":["post-51784","post","type-post","status-publish","format-standard","has-post-thumbnail","hentry","category-economia"],"jetpack_publicize_connections":[],"jetpack_featured_media_url":"https:\/\/noticiasveracruz.com\/wp-content\/uploads\/2025\/03\/240729-trump-bitcoin-al-1224-a422dd.jpg","jetpack_sharing_enabled":true,"publishpress_future_action":{"enabled":false,"date":"2026-05-08 09:28:22","action":"change-status","newStatus":"draft","terms":[],"taxonomy":"category","extraData":[]},"publishpress_future_workflow_manual_trigger":{"enabledWorkflows":[]},"_links":{"self":[{"href":"https:\/\/noticiasveracruz.com\/index.php\/wp-json\/wp\/v2\/posts\/51784","targetHints":{"allow":["GET"]}}],"collection":[{"href":"https:\/\/noticiasveracruz.com\/index.php\/wp-json\/wp\/v2\/posts"}],"about":[{"href":"https:\/\/noticiasveracruz.com\/index.php\/wp-json\/wp\/v2\/types\/post"}],"author":[{"embeddable":true,"href":"https:\/\/noticiasveracruz.com\/index.php\/wp-json\/wp\/v2\/users\/4"}],"replies":[{"embeddable":true,"href":"https:\/\/noticiasveracruz.com\/index.php\/wp-json\/wp\/v2\/comments?post=51784"}],"version-history":[{"count":0,"href":"https:\/\/noticiasveracruz.com\/index.php\/wp-json\/wp\/v2\/posts\/51784\/revisions"}],"wp:featuredmedia":[{"embeddable":true,"href":"https:\/\/noticiasveracruz.com\/index.php\/wp-json\/wp\/v2\/media\/51785"}],"wp:attachment":[{"href":"https:\/\/noticiasveracruz.com\/index.php\/wp-json\/wp\/v2\/media?parent=51784"}],"wp:term":[{"taxonomy":"category","embeddable":true,"href":"https:\/\/noticiasveracruz.com\/index.php\/wp-json\/wp\/v2\/categories?post=51784"},{"taxonomy":"post_tag","embeddable":true,"href":"https:\/\/noticiasveracruz.com\/index.php\/wp-json\/wp\/v2\/tags?post=51784"}],"curies":[{"name":"wp","href":"https:\/\/api.w.org\/{rel}","templated":true}]}}