{"id":51781,"date":"2025-03-07T00:09:35","date_gmt":"2025-03-07T06:09:35","guid":{"rendered":"https:\/\/noticiasveracruz.com\/?p=51781"},"modified":"2025-03-06T21:35:35","modified_gmt":"2025-03-07T03:35:35","slug":"gobierno-no-esta-cerrado-a-participacion-de-privados-en-obras-sict","status":"publish","type":"post","link":"https:\/\/noticiasveracruz.com\/index.php\/2025\/03\/07\/gobierno-no-esta-cerrado-a-participacion-de-privados-en-obras-sict\/","title":{"rendered":"Gobierno no est\u00e1 cerrado a participaci\u00f3n de privados en obras: SICT"},"content":{"rendered":"<p class=\"nota-justify\">El gobierno de la presidenta Claudia Sheinbaum Pardo no est\u00e1 cerrado a la inversi\u00f3n privada en obras, se\u00f1al\u00f3 el titular de la Secretar\u00eda de Infraestructura, Comunicaciones y Transportes (SICT), Jes\u00fas Antonio Esteva Medina.<\/p>\n<p class=\"nota-justify\">En entrevista, luego de participar a la Asamblea General en la que Luis M\u00e9ndez Jaled fue elegido para un segundo periodo como presidente de la C\u00e1mara Mexicana de la Industria de la Construcci\u00f3n (CMIC), el funcionario coment\u00f3 que la actual administraci\u00f3n federal est\u00e1 abierta a esquemas funcionales en donde participe la iniciativa privada.<\/p>\n<p class=\"nota-justify\">El funcionario coment\u00f3 que los proyectos adicionales en los que puede participar el sector privado pueden ubicarse en Michoac\u00e1n, Tamaulipas, pero todos ellos se est\u00e1n estudiando en conjunto con Banobras.<\/p>\n<p class=\"nota-justify\">Apunt\u00f3 que los proyectos, principalmente carreteros, se deben adoptar al modelo y que cuenten con estudios de demanda.<\/p>\n<p class=\"nota-justify\">El titular de la dependencia federal anot\u00f3 que el Ej\u00e9rcito seguir\u00e1 encarg\u00e1ndose de algunas obras, como es el caso de trenes o todo lo que se requiera.<\/p>\n<p class=\"nota-justify\">En su participaci\u00f3n en la toma de protesta del presidente de CMIC, reiter\u00f3 que la construcci\u00f3n es un pilar fundamental del desarrollo y tambi\u00e9n de la generaci\u00f3n de empleo.<\/p>\n","protected":false},"excerpt":{"rendered":"<p>El gobierno de la presidenta Claudia Sheinbaum Pardo no est\u00e1 cerrado a la inversi\u00f3n privada en obras, se\u00f1al\u00f3 el titular<\/p>\n","protected":false},"author":4,"featured_media":51782,"comment_status":"closed","ping_status":"closed","sticky":false,"template":"","format":"standard","meta":{"colormag_page_container_layout":"default_layout","colormag_page_sidebar_layout":"default_layout","_jetpack_memberships_contains_paid_content":false,"footnotes":"","jetpack_publicize_message":"","jetpack_publicize_feature_enabled":true,"jetpack_social_post_already_shared":true,"jetpack_social_options":{"image_generator_settings":{"template":"highway","default_image_id":0,"font":"","enabled":false},"version":2}},"categories":[1947],"tags":[],"class_list":["post-51781","post","type-post","status-publish","format-standard","has-post-thumbnail","hentry","category-economia"],"jetpack_publicize_connections":[],"jetpack_featured_media_url":"https:\/\/noticiasveracruz.com\/wp-content\/uploads\/2025\/03\/BARRANCA_LARGA_VENTANILLA__7_.jpeg","jetpack_sharing_enabled":true,"publishpress_future_action":{"enabled":false,"date":"2026-05-08 09:38:00","action":"change-status","newStatus":"draft","terms":[],"taxonomy":"category","extraData":[]},"publishpress_future_workflow_manual_trigger":{"enabledWorkflows":[]},"_links":{"self":[{"href":"https:\/\/noticiasveracruz.com\/index.php\/wp-json\/wp\/v2\/posts\/51781","targetHints":{"allow":["GET"]}}],"collection":[{"href":"https:\/\/noticiasveracruz.com\/index.php\/wp-json\/wp\/v2\/posts"}],"about":[{"href":"https:\/\/noticiasveracruz.com\/index.php\/wp-json\/wp\/v2\/types\/post"}],"author":[{"embeddable":true,"href":"https:\/\/noticiasveracruz.com\/index.php\/wp-json\/wp\/v2\/users\/4"}],"replies":[{"embeddable":true,"href":"https:\/\/noticiasveracruz.com\/index.php\/wp-json\/wp\/v2\/comments?post=51781"}],"version-history":[{"count":0,"href":"https:\/\/noticiasveracruz.com\/index.php\/wp-json\/wp\/v2\/posts\/51781\/revisions"}],"wp:featuredmedia":[{"embeddable":true,"href":"https:\/\/noticiasveracruz.com\/index.php\/wp-json\/wp\/v2\/media\/51782"}],"wp:attachment":[{"href":"https:\/\/noticiasveracruz.com\/index.php\/wp-json\/wp\/v2\/media?parent=51781"}],"wp:term":[{"taxonomy":"category","embeddable":true,"href":"https:\/\/noticiasveracruz.com\/index.php\/wp-json\/wp\/v2\/categories?post=51781"},{"taxonomy":"post_tag","embeddable":true,"href":"https:\/\/noticiasveracruz.com\/index.php\/wp-json\/wp\/v2\/tags?post=51781"}],"curies":[{"name":"wp","href":"https:\/\/api.w.org\/{rel}","templated":true}]}}