{"id":51778,"date":"2025-03-07T00:08:31","date_gmt":"2025-03-07T06:08:31","guid":{"rendered":"https:\/\/noticiasveracruz.com\/?p=51778"},"modified":"2025-03-06T21:32:32","modified_gmt":"2025-03-07T03:32:32","slug":"cofepris-e-impi-se-unen-para-mejorar-el-abasto-de-medicamentos-en-mexico","status":"publish","type":"post","link":"https:\/\/noticiasveracruz.com\/index.php\/2025\/03\/07\/cofepris-e-impi-se-unen-para-mejorar-el-abasto-de-medicamentos-en-mexico\/","title":{"rendered":"Cofepris e IMPI se unen para mejorar el abasto de medicamentos en M\u00e9xico"},"content":{"rendered":"<p class=\"nota-justify\">La Comisi\u00f3n Federal para la Protecci\u00f3n contra Riesgos Sanitarios (Cofepris) y el Instituto Mexicano de la Propiedad Industrial (IMPI) informaron que hoy se public\u00f3 en el Diario Oficial de la Federaci\u00f3n (DOF) el acuerdo por el que se dan a conocer disposiciones para la colaboraci\u00f3n entre ambas instituciones, lo cual \u201crepresenta un paso decisivo para mejorar el abasto de medicamentos en M\u00e9xico\u201d.<\/p>\n<p class=\"nota-justify\">El acuerdo, indicaron las dependencias en un comunicado, refleja el compromiso del Gobierno con la salud del pueblo de M\u00e9xico, al garantizar el acceso a tratamientos gen\u00e9ricos y biocomparables.<\/p>\n<p class=\"nota-justify\">Adem\u00e1s, es clave para que las solicitudes de registro sanitario sean evaluadas de manera m\u00e1s \u00e1gil y eficiente, reduciendo los tiempos de espera, lo que permite que estos insumos lleguen al mercado de forma oportuna.<\/p>\n<p class=\"nota-justify\">El mecanismo de intercambio de informaci\u00f3n entre la Cofepris y el IMPI tiene el objetivo de evitar la infracci\u00f3n de patentes vigentes durante la autorizaci\u00f3n de registros de medicamentos, garantizando as\u00ed un proceso m\u00e1s transparente y eficiente.<\/p>\n<p class=\"nota-justify\">Entre las principales disposiciones del acuerdo se se\u00f1alan:\u00a0Listado de patentes, con el que el IMPI publicar\u00e1 de manera semestral un listado de patentes vigentes aplicables a medicamentos alop\u00e1ticos y biotecnol\u00f3gicos.<\/p>\n<p class=\"nota-justify\">Intercambio de informaci\u00f3n\u00a0con la que la Cofepris podr\u00e1 solicitar al IMPI informaci\u00f3n sobre la vigencia y alcance de patentes antes de otorgar registros sanitarios.<\/p>\n<p class=\"nota-justify\">Formato de Oposici\u00f3n de Tercera Persona (FOT), con\u00a0el que se establece un mecanismo para que los titulares de patentes puedan manifestar posibles afectaciones ante registros sanitarios en tr\u00e1mite.<\/p>\n<p class=\"nota-justify\">Se incluye tambi\u00e9n mayor transparencia y certeza jur\u00eddica, con la que se\u00a0salvaguarda la confidencialidad de la informaci\u00f3n compartida y se garantiza el derecho de los titulares de patentes a proteger sus invenciones.<\/p>\n<p class=\"nota-justify\">Ademas, el nuevo esquema de colaboraci\u00f3n cumple con lo dispuesto en el Tratado entre M\u00e9xico, Estados Unidos y Canad\u00e1 (T-MEC), garantizando certidumbre en un entorno regulatorio seguro para la industria farmac\u00e9utica, en beneficio de la salud p\u00fablica y la innovaci\u00f3n en M\u00e9xico.<\/p>\n","protected":false},"excerpt":{"rendered":"<p>La Comisi\u00f3n Federal para la Protecci\u00f3n contra Riesgos Sanitarios (Cofepris) y el Instituto Mexicano de la Propiedad Industrial (IMPI) informaron<\/p>\n","protected":false},"author":4,"featured_media":51779,"comment_status":"closed","ping_status":"closed","sticky":false,"template":"","format":"standard","meta":{"colormag_page_container_layout":"default_layout","colormag_page_sidebar_layout":"default_layout","_jetpack_memberships_contains_paid_content":false,"footnotes":"","jetpack_publicize_message":"","jetpack_publicize_feature_enabled":true,"jetpack_social_post_already_shared":true,"jetpack_social_options":{"image_generator_settings":{"template":"highway","default_image_id":0,"font":"","enabled":false},"version":2}},"categories":[4],"tags":[],"class_list":["post-51778","post","type-post","status-publish","format-standard","has-post-thumbnail","hentry","category-nacional"],"jetpack_publicize_connections":[],"jetpack_featured_media_url":"https:\/\/noticiasveracruz.com\/wp-content\/uploads\/2025\/03\/medicinas.jpg","jetpack_sharing_enabled":true,"publishpress_future_action":{"enabled":false,"date":"2026-05-08 10:28:48","action":"change-status","newStatus":"draft","terms":[],"taxonomy":"category","extraData":[]},"publishpress_future_workflow_manual_trigger":{"enabledWorkflows":[]},"_links":{"self":[{"href":"https:\/\/noticiasveracruz.com\/index.php\/wp-json\/wp\/v2\/posts\/51778","targetHints":{"allow":["GET"]}}],"collection":[{"href":"https:\/\/noticiasveracruz.com\/index.php\/wp-json\/wp\/v2\/posts"}],"about":[{"href":"https:\/\/noticiasveracruz.com\/index.php\/wp-json\/wp\/v2\/types\/post"}],"author":[{"embeddable":true,"href":"https:\/\/noticiasveracruz.com\/index.php\/wp-json\/wp\/v2\/users\/4"}],"replies":[{"embeddable":true,"href":"https:\/\/noticiasveracruz.com\/index.php\/wp-json\/wp\/v2\/comments?post=51778"}],"version-history":[{"count":0,"href":"https:\/\/noticiasveracruz.com\/index.php\/wp-json\/wp\/v2\/posts\/51778\/revisions"}],"wp:featuredmedia":[{"embeddable":true,"href":"https:\/\/noticiasveracruz.com\/index.php\/wp-json\/wp\/v2\/media\/51779"}],"wp:attachment":[{"href":"https:\/\/noticiasveracruz.com\/index.php\/wp-json\/wp\/v2\/media?parent=51778"}],"wp:term":[{"taxonomy":"category","embeddable":true,"href":"https:\/\/noticiasveracruz.com\/index.php\/wp-json\/wp\/v2\/categories?post=51778"},{"taxonomy":"post_tag","embeddable":true,"href":"https:\/\/noticiasveracruz.com\/index.php\/wp-json\/wp\/v2\/tags?post=51778"}],"curies":[{"name":"wp","href":"https:\/\/api.w.org\/{rel}","templated":true}]}}