{"id":51775,"date":"2025-03-07T00:07:51","date_gmt":"2025-03-07T06:07:51","guid":{"rendered":"https:\/\/noticiasveracruz.com\/?p=51775"},"modified":"2025-03-06T21:29:59","modified_gmt":"2025-03-07T03:29:59","slug":"se-debe-apoyar-a-sheinbaum-mas-alla-de-posturas-ideologicas-esquivel-mossa","status":"publish","type":"post","link":"https:\/\/noticiasveracruz.com\/index.php\/2025\/03\/07\/se-debe-apoyar-a-sheinbaum-mas-alla-de-posturas-ideologicas-esquivel-mossa\/","title":{"rendered":"Se debe apoyar a Sheinbaum m\u00e1s all\u00e1 de posturas ideol\u00f3gicas: Esquivel Mossa"},"content":{"rendered":"<p class=\"nota-justify\">La ministra de la Suprema Corte de Justicia, Yasm\u00edn Esquivel Mossa consider\u00f3 que m\u00e1s all\u00e1 de posturas ideol\u00f3gicas se debe apoyar a la presidenta de la Rep\u00fablica, Claudia Sheinbaum y asistir al m\u00edtin del pr\u00f3ximo domingo convocado por la mandataria en la Plaza de la Constituci\u00f3n.<\/p>\n<p class=\"nota-justify\">\u201cEs importante que en este mitin vayan las organizaciones, independientemente de las ideolog\u00edas pol\u00edticas, este tema de la unidad nacional no es un tema de partidos o de colores o de ideolog\u00edas, es un tema de los mexicanos y mexicanas y nuestra soberan\u00eda nacional\u201d, respondi\u00f3 a pregunta expresa en el Senado, luego de asistir al evento \u201cConocer a sindicalistas\u201d, organizado por la senadora del PT, Geovanna Ba\u00f1uelos.<\/p>\n<p class=\"nota-justify\">La ministra Esquivel Mossa, resalt\u00f3 la prudencia, valent\u00eda y sensatez de la presidenta de la Rep\u00fablica, al enfrentar los nuevos desaf\u00edos que plantea el gobierno estadounidense, y reafirm\u00f3 la necesidad de unidad en estos momentos cruciales.<\/p>\n<p class=\"nota-justify\">Por otra parte, la ministra Esquivel rechaz\u00f3 a haber realizado actos anticipados de campa\u00f1a, en especial su asistencia , junto con las tambi\u00e9n ministras Lenia Batres y Loretta Ortiz a una reuni\u00f3n plenaria de los diputados de Morena.<\/p>\n<p class=\"nota-justify\">Fue a invitaci\u00f3n del grupo parlamentario, explic\u00f3, para reflexionar en torno a la reforma judicial. Expuso que ya entreg\u00f3 puntualmente la informaci\u00f3n que le requiri\u00f3 al respecto el Instituto Nacional Electoral (INE).<\/p>\n<p class=\"nota-justify\">De ninguna manera, insisti\u00f3, fueron actos anticipados de campa\u00f1a para la elecci\u00f3n judicial del pr\u00f3ximo primero de junio. Las campa\u00f1as, resalt\u00f3, s inician el 30 de marzo y concluyen el 28 de mayo.<\/p>\n","protected":false},"excerpt":{"rendered":"<p>La ministra de la Suprema Corte de Justicia, Yasm\u00edn Esquivel Mossa consider\u00f3 que m\u00e1s all\u00e1 de posturas ideol\u00f3gicas se debe<\/p>\n","protected":false},"author":4,"featured_media":51776,"comment_status":"closed","ping_status":"closed","sticky":false,"template":"","format":"standard","meta":{"colormag_page_container_layout":"default_layout","colormag_page_sidebar_layout":"default_layout","_jetpack_memberships_contains_paid_content":false,"footnotes":"","jetpack_publicize_message":"","jetpack_publicize_feature_enabled":true,"jetpack_social_post_already_shared":true,"jetpack_social_options":{"image_generator_settings":{"template":"highway","default_image_id":0,"font":"","enabled":false},"version":2}},"categories":[4],"tags":[],"class_list":["post-51775","post","type-post","status-publish","format-standard","has-post-thumbnail","hentry","category-nacional"],"jetpack_publicize_connections":[],"jetpack_featured_media_url":"https:\/\/noticiasveracruz.com\/wp-content\/uploads\/2025\/03\/ES.jpg","jetpack_sharing_enabled":true,"publishpress_future_action":{"enabled":false,"date":"2026-05-08 11:26:57","action":"change-status","newStatus":"draft","terms":[],"taxonomy":"category","extraData":[]},"publishpress_future_workflow_manual_trigger":{"enabledWorkflows":[]},"_links":{"self":[{"href":"https:\/\/noticiasveracruz.com\/index.php\/wp-json\/wp\/v2\/posts\/51775","targetHints":{"allow":["GET"]}}],"collection":[{"href":"https:\/\/noticiasveracruz.com\/index.php\/wp-json\/wp\/v2\/posts"}],"about":[{"href":"https:\/\/noticiasveracruz.com\/index.php\/wp-json\/wp\/v2\/types\/post"}],"author":[{"embeddable":true,"href":"https:\/\/noticiasveracruz.com\/index.php\/wp-json\/wp\/v2\/users\/4"}],"replies":[{"embeddable":true,"href":"https:\/\/noticiasveracruz.com\/index.php\/wp-json\/wp\/v2\/comments?post=51775"}],"version-history":[{"count":0,"href":"https:\/\/noticiasveracruz.com\/index.php\/wp-json\/wp\/v2\/posts\/51775\/revisions"}],"wp:featuredmedia":[{"embeddable":true,"href":"https:\/\/noticiasveracruz.com\/index.php\/wp-json\/wp\/v2\/media\/51776"}],"wp:attachment":[{"href":"https:\/\/noticiasveracruz.com\/index.php\/wp-json\/wp\/v2\/media?parent=51775"}],"wp:term":[{"taxonomy":"category","embeddable":true,"href":"https:\/\/noticiasveracruz.com\/index.php\/wp-json\/wp\/v2\/categories?post=51775"},{"taxonomy":"post_tag","embeddable":true,"href":"https:\/\/noticiasveracruz.com\/index.php\/wp-json\/wp\/v2\/tags?post=51775"}],"curies":[{"name":"wp","href":"https:\/\/api.w.org\/{rel}","templated":true}]}}