{"id":51769,"date":"2025-03-07T00:05:30","date_gmt":"2025-03-07T06:05:30","guid":{"rendered":"https:\/\/noticiasveracruz.com\/?p=51769"},"modified":"2025-03-06T21:19:42","modified_gmt":"2025-03-07T03:19:42","slug":"sigue-scjn-revisando-quejas-por-exclusion-de-eleccion-judical","status":"publish","type":"post","link":"https:\/\/noticiasveracruz.com\/index.php\/2025\/03\/07\/sigue-scjn-revisando-quejas-por-exclusion-de-eleccion-judical\/","title":{"rendered":"Sigue SCJN revisando quejas por exclusi\u00f3n de elecci\u00f3n judical"},"content":{"rendered":"<p class=\"nota-justify\">Aun cuando el Instituto Nacional Electoral (INE) ya est\u00e1 imprimiendo las boletas para la elecci\u00f3n junio del 1 de junio, la Suprema Corte de Justicia de la Naci\u00f3n (SCJN) a\u00fan no termina de atender las quejas de personas excluidas del proceso de selecci\u00f3n de candidatos al Poder Judicial de la Federaci\u00f3n (PJF).<\/p>\n<p class=\"nota-justify\">Este jueves, el Pleno del m\u00e1ximo tribunal del pa\u00eds dej\u00f3 sin materia cuatro recursos de informalidad interpuestos por Violeta Alem\u00e1n Ontiveros, Antonio Enrique Aguilar Caraveo, Patricia Alejandra Lozano Onofre y Alicia Paulina Lara Argumedo, en los que reclamaron acciones y omisiones del Comit\u00e9 de Evaluaci\u00f3n del Poder Legislativo (uno de los tres de los poderes de la Uni\u00f3n) que no les permiti\u00f3 continuar en el proceso de selecci\u00f3n.<\/p>\n<p class=\"nota-justify\">Los ministros determinaron que ya no hay asunto pendiente que resolver sobre dichos casos, al aprobar cuatro proyectos por ocho votos a favor contra uno (del ministro Juan Luis Gonz\u00e1lez Alc\u00e1ntara Carranc\u00e1), los cuales no se hicieron p\u00fablicos.<\/p>\n<p class=\"nota-justify\">\u201cLa Corte determin\u00f3 en todos los casos, que las pretensiones de los recurrentes no pod\u00edan dictaminarse en sentido favorable, ya sea porque se vio satisfecha la pretensi\u00f3n inicial, o por existir la facultad discrecional del Comit\u00e9 de Evaluaci\u00f3n del Poder Legislativo Federal para no convocar a la etapa de entrevista a todos los aspirantes, o finalmente, porque la etapa de insaculaci\u00f3n en la que se pretend\u00eda participar se ha ejecutado de forma irreparable, el Pleno determin\u00f3 declararlos sin materia\u201d, explic\u00f3 el Alto Tribunal en una tarjeta informativa.<\/p>\n<p class=\"nota-justify\">En los casos de Alem\u00e1n Ontiveros (secretaria de estudio y cuenta adjunta de la ponencia del ministro Juan Luis Gonz\u00e1lez) y Aguilar Caraveo aparecen en las listas del INE a candidatos a magistrados de salas regionales del Tribunal Electoral del Poder Judicial de la Federaci\u00f3n (TEPJF).<\/p>\n<p class=\"nota-justify\">Quienes no se contemplan las listas del INE son Lozano Onofre, que acus\u00f3 la omisi\u00f3n del Comit\u00e9 de Evaluaci\u00f3n del Poder Legislativo Federal de permitirle continuar en la fase de entrevista del proceso, y Lara Argumedo que fue en contra de la determinaci\u00f3n del mismo comit\u00e9 de no incluirla en la respectiva lista de personas aspirantes id\u00f3neas.<\/p>\n<p>Para las pr\u00f3ximas semanas, la Corte enlist\u00f3 a discusi\u00f3n cuatro recursos de inconformidad m\u00e1s que tambi\u00e9n impugnan omisiones del Comit\u00e9 del Legislativo y tambi\u00e9n contra la Mesa Directiva del Senado, de los cuales dos fueron promovidos Oswald Lara Borges; los otros promovidos por separado por Walter Yared Lim\u00f3n Maga\u00f1a y Abraham Jim\u00e9nez Rend\u00f3n.<\/p>\n","protected":false},"excerpt":{"rendered":"<p>Aun cuando el Instituto Nacional Electoral (INE) ya est\u00e1 imprimiendo las boletas para la elecci\u00f3n junio del 1 de junio,<\/p>\n","protected":false},"author":4,"featured_media":51770,"comment_status":"closed","ping_status":"closed","sticky":false,"template":"","format":"standard","meta":{"colormag_page_container_layout":"default_layout","colormag_page_sidebar_layout":"default_layout","_jetpack_memberships_contains_paid_content":false,"footnotes":"","jetpack_publicize_message":"","jetpack_publicize_feature_enabled":true,"jetpack_social_post_already_shared":true,"jetpack_social_options":{"image_generator_settings":{"template":"highway","default_image_id":0,"font":"","enabled":false},"version":2}},"categories":[4],"tags":[],"class_list":["post-51769","post","type-post","status-publish","format-standard","has-post-thumbnail","hentry","category-nacional"],"jetpack_publicize_connections":[],"jetpack_featured_media_url":"https:\/\/noticiasveracruz.com\/wp-content\/uploads\/2025\/03\/SJ.jpg","jetpack_sharing_enabled":true,"publishpress_future_action":{"enabled":false,"date":"2026-05-08 12:14:04","action":"change-status","newStatus":"draft","terms":[],"taxonomy":"category","extraData":[]},"publishpress_future_workflow_manual_trigger":{"enabledWorkflows":[]},"_links":{"self":[{"href":"https:\/\/noticiasveracruz.com\/index.php\/wp-json\/wp\/v2\/posts\/51769","targetHints":{"allow":["GET"]}}],"collection":[{"href":"https:\/\/noticiasveracruz.com\/index.php\/wp-json\/wp\/v2\/posts"}],"about":[{"href":"https:\/\/noticiasveracruz.com\/index.php\/wp-json\/wp\/v2\/types\/post"}],"author":[{"embeddable":true,"href":"https:\/\/noticiasveracruz.com\/index.php\/wp-json\/wp\/v2\/users\/4"}],"replies":[{"embeddable":true,"href":"https:\/\/noticiasveracruz.com\/index.php\/wp-json\/wp\/v2\/comments?post=51769"}],"version-history":[{"count":0,"href":"https:\/\/noticiasveracruz.com\/index.php\/wp-json\/wp\/v2\/posts\/51769\/revisions"}],"wp:featuredmedia":[{"embeddable":true,"href":"https:\/\/noticiasveracruz.com\/index.php\/wp-json\/wp\/v2\/media\/51770"}],"wp:attachment":[{"href":"https:\/\/noticiasveracruz.com\/index.php\/wp-json\/wp\/v2\/media?parent=51769"}],"wp:term":[{"taxonomy":"category","embeddable":true,"href":"https:\/\/noticiasveracruz.com\/index.php\/wp-json\/wp\/v2\/categories?post=51769"},{"taxonomy":"post_tag","embeddable":true,"href":"https:\/\/noticiasveracruz.com\/index.php\/wp-json\/wp\/v2\/tags?post=51769"}],"curies":[{"name":"wp","href":"https:\/\/api.w.org\/{rel}","templated":true}]}}