{"id":51766,"date":"2025-03-07T00:04:21","date_gmt":"2025-03-07T06:04:21","guid":{"rendered":"https:\/\/noticiasveracruz.com\/?p=51766"},"modified":"2025-03-06T20:54:56","modified_gmt":"2025-03-07T02:54:56","slug":"destaca-veracruz-en-produccion-de-ganado","status":"publish","type":"post","link":"https:\/\/noticiasveracruz.com\/index.php\/2025\/03\/07\/destaca-veracruz-en-produccion-de-ganado\/","title":{"rendered":"Destaca Veracruz, en producci\u00f3n de ganado"},"content":{"rendered":"<p>Veracruz es una de las entidades de la Rep\u00fablica Mexicana con m\u00e1s unidades de producci\u00f3n de ganado bovino.<\/p>\n<p>El 55.5 por ciento de las existencias en las unidades de producci\u00f3n, se concentraban en Veracruz, Jalisco, Chihuahua, Chiapas, Durango, Tabasco, Sonora y Michoac\u00e1n.<\/p>\n<p>El Instituto Nacional de Estad\u00edstica y Geograf\u00eda (Inegi) revel\u00f3 que la cr\u00eda del ganado bovino tiene como prop\u00f3sito principal producir carne y leche, adem\u00e1s de la producci\u00f3n conjunta de ambos productos.<\/p>\n<p>En septiembre de 2022, se captaron 24.8 millones de existencias de ganado bovino. <span id=\"_GoBack\"><\/span>La cr\u00eda de aves se concentr\u00f3 en 6 entidades federativas: Jalisco, Veracruz, Yucat\u00e1n, Puebla, Durango y Aguascalientes. Se incrementaron en 46.4 % las existencias de aves de corral, de 2007 a 2022.<\/p>\n<p>La sequ\u00eda es la principal causa de p\u00e9rdida de unidades de producci\u00f3n agropecuaria, reporta el Inegi.<\/p>\n<p>La ganader\u00eda comprende actividades de cr\u00eda, cuidado, reproducci\u00f3n, engorda y uso de ganado bovino, porcino, ovino, caprino y aves de corral, as\u00ed como el aprovechamiento de colmenas y la cr\u00eda de \u00e9quidos, pavos y conejos.<\/p>\n<p>En conmemoraci\u00f3n del D\u00eda Nacional de la Ganader\u00eda (6 de marzo), el Instituto Nacional de Estad\u00edstica y Geograf\u00eda ofrece informaci\u00f3n sobre las principales especies ganaderas, con base en el Censo Agropecuario (CA), 2022.<\/p>\n","protected":false},"excerpt":{"rendered":"<p>Veracruz es una de las entidades de la Rep\u00fablica Mexicana con m\u00e1s unidades de producci\u00f3n de ganado bovino. El 55.5<\/p>\n","protected":false},"author":4,"featured_media":51767,"comment_status":"closed","ping_status":"closed","sticky":false,"template":"","format":"standard","meta":{"colormag_page_container_layout":"default_layout","colormag_page_sidebar_layout":"default_layout","_jetpack_memberships_contains_paid_content":false,"footnotes":"","jetpack_publicize_message":"","jetpack_publicize_feature_enabled":true,"jetpack_social_post_already_shared":true,"jetpack_social_options":{"image_generator_settings":{"template":"highway","default_image_id":0,"font":"","enabled":false},"version":2}},"categories":[356],"tags":[],"class_list":["post-51766","post","type-post","status-publish","format-standard","has-post-thumbnail","hentry","category-veracruz"],"jetpack_publicize_connections":[],"jetpack_featured_media_url":"https:\/\/noticiasveracruz.com\/wp-content\/uploads\/2025\/03\/10a.jpg","jetpack_sharing_enabled":true,"publishpress_future_action":{"enabled":false,"date":"2026-05-08 13:10:03","action":"change-status","newStatus":"draft","terms":[],"taxonomy":"category","extraData":[]},"publishpress_future_workflow_manual_trigger":{"enabledWorkflows":[]},"_links":{"self":[{"href":"https:\/\/noticiasveracruz.com\/index.php\/wp-json\/wp\/v2\/posts\/51766","targetHints":{"allow":["GET"]}}],"collection":[{"href":"https:\/\/noticiasveracruz.com\/index.php\/wp-json\/wp\/v2\/posts"}],"about":[{"href":"https:\/\/noticiasveracruz.com\/index.php\/wp-json\/wp\/v2\/types\/post"}],"author":[{"embeddable":true,"href":"https:\/\/noticiasveracruz.com\/index.php\/wp-json\/wp\/v2\/users\/4"}],"replies":[{"embeddable":true,"href":"https:\/\/noticiasveracruz.com\/index.php\/wp-json\/wp\/v2\/comments?post=51766"}],"version-history":[{"count":0,"href":"https:\/\/noticiasveracruz.com\/index.php\/wp-json\/wp\/v2\/posts\/51766\/revisions"}],"wp:featuredmedia":[{"embeddable":true,"href":"https:\/\/noticiasveracruz.com\/index.php\/wp-json\/wp\/v2\/media\/51767"}],"wp:attachment":[{"href":"https:\/\/noticiasveracruz.com\/index.php\/wp-json\/wp\/v2\/media?parent=51766"}],"wp:term":[{"taxonomy":"category","embeddable":true,"href":"https:\/\/noticiasveracruz.com\/index.php\/wp-json\/wp\/v2\/categories?post=51766"},{"taxonomy":"post_tag","embeddable":true,"href":"https:\/\/noticiasveracruz.com\/index.php\/wp-json\/wp\/v2\/tags?post=51766"}],"curies":[{"name":"wp","href":"https:\/\/api.w.org\/{rel}","templated":true}]}}