{"id":51763,"date":"2025-03-07T00:03:30","date_gmt":"2025-03-07T06:03:30","guid":{"rendered":"https:\/\/noticiasveracruz.com\/?p=51763"},"modified":"2025-03-06T20:54:08","modified_gmt":"2025-03-07T02:54:08","slug":"veracruz-se-une-a-la-clase-nacional-de-boxeo","status":"publish","type":"post","link":"https:\/\/noticiasveracruz.com\/index.php\/2025\/03\/07\/veracruz-se-une-a-la-clase-nacional-de-boxeo\/","title":{"rendered":"Veracruz se une a la Clase Nacional de Boxeo"},"content":{"rendered":"<p>Veracruz se suma a la hist\u00f3rica Clase Nacional de Boxeo por la Paz, evento sin precedentes que reunir\u00e1 a todo el pa\u00eds el domingo 06 de abril en una sesi\u00f3n simult\u00e1nea, conmemorando el D\u00eda Internacional del Deporte para el Desarrollo de la Paz.<\/p>\n<p>Acompa\u00f1ada por el director nacional de Promoci\u00f3n al Deporte, Artes y Bienestar, Miguel Torruco Garza, la Gobernadora firm\u00f3 el Cintur\u00f3n de la Paz, reafirmando el compromiso con la unidad, la activaci\u00f3n f\u00edsica y el bienestar de la juventud a trav\u00e9s del deporte.<\/p>\n<p>\u201cHoy firmamos, a nombre de todo el pueblo veracruzano, el compromiso para que, en diferentes plazas p\u00fablicas, llevemos a cabo estas lecciones para promover el deporte. En Veracruz tenemos mucho talento en esta materia\u201d, expres\u00f3 en un video publicado por Torruco Garza.<\/p>\n<p>La Clase Nacional de Boxeo fomenta la pr\u00e1ctica deportiva e inspira la unidad, la convivencia pac\u00edfica y el respeto mutuo, utilizando esta disciplina como una herramienta para fortalecer los lazos sociales.<\/p>\n<p>Por su parte, el Director agradeci\u00f3 el compromiso, \u201cmuchas gracias, Gobernadora, por formar parte de esta clase nacional de boxeo en el marco de la construcci\u00f3n de la paz.<\/p>\n<p>Este evento ser\u00e1 una movilizaci\u00f3n deportiva de gran impacto, abierta a todas las edades y niveles, miles de personas alzar\u00e1n los pu\u00f1os, no para competir, sino para demostrar que el deporte es un motor de cambio, fortaleciendo el tejido social de M\u00e9xico.<\/p>\n","protected":false},"excerpt":{"rendered":"<p>Veracruz se suma a la hist\u00f3rica Clase Nacional de Boxeo por la Paz, evento sin precedentes que reunir\u00e1 a todo<\/p>\n","protected":false},"author":4,"featured_media":51764,"comment_status":"closed","ping_status":"closed","sticky":false,"template":"","format":"standard","meta":{"colormag_page_container_layout":"default_layout","colormag_page_sidebar_layout":"default_layout","_jetpack_memberships_contains_paid_content":false,"footnotes":"","jetpack_publicize_message":"","jetpack_publicize_feature_enabled":true,"jetpack_social_post_already_shared":true,"jetpack_social_options":{"image_generator_settings":{"template":"highway","default_image_id":0,"font":"","enabled":false},"version":2}},"categories":[356],"tags":[],"class_list":["post-51763","post","type-post","status-publish","format-standard","has-post-thumbnail","hentry","category-veracruz"],"jetpack_publicize_connections":[],"jetpack_featured_media_url":"https:\/\/noticiasveracruz.com\/wp-content\/uploads\/2025\/03\/9a-3.jpg","jetpack_sharing_enabled":true,"publishpress_future_action":{"enabled":false,"date":"2026-05-08 14:01:40","action":"change-status","newStatus":"draft","terms":[],"taxonomy":"category","extraData":[]},"publishpress_future_workflow_manual_trigger":{"enabledWorkflows":[]},"_links":{"self":[{"href":"https:\/\/noticiasveracruz.com\/index.php\/wp-json\/wp\/v2\/posts\/51763","targetHints":{"allow":["GET"]}}],"collection":[{"href":"https:\/\/noticiasveracruz.com\/index.php\/wp-json\/wp\/v2\/posts"}],"about":[{"href":"https:\/\/noticiasveracruz.com\/index.php\/wp-json\/wp\/v2\/types\/post"}],"author":[{"embeddable":true,"href":"https:\/\/noticiasveracruz.com\/index.php\/wp-json\/wp\/v2\/users\/4"}],"replies":[{"embeddable":true,"href":"https:\/\/noticiasveracruz.com\/index.php\/wp-json\/wp\/v2\/comments?post=51763"}],"version-history":[{"count":0,"href":"https:\/\/noticiasveracruz.com\/index.php\/wp-json\/wp\/v2\/posts\/51763\/revisions"}],"wp:featuredmedia":[{"embeddable":true,"href":"https:\/\/noticiasveracruz.com\/index.php\/wp-json\/wp\/v2\/media\/51764"}],"wp:attachment":[{"href":"https:\/\/noticiasveracruz.com\/index.php\/wp-json\/wp\/v2\/media?parent=51763"}],"wp:term":[{"taxonomy":"category","embeddable":true,"href":"https:\/\/noticiasveracruz.com\/index.php\/wp-json\/wp\/v2\/categories?post=51763"},{"taxonomy":"post_tag","embeddable":true,"href":"https:\/\/noticiasveracruz.com\/index.php\/wp-json\/wp\/v2\/tags?post=51763"}],"curies":[{"name":"wp","href":"https:\/\/api.w.org\/{rel}","templated":true}]}}