{"id":51721,"date":"2025-03-05T23:05:23","date_gmt":"2025-03-06T05:05:23","guid":{"rendered":"https:\/\/noticiasveracruz.com\/?p=51721"},"modified":"2025-03-05T23:05:23","modified_gmt":"2025-03-06T05:05:23","slug":"infame-praxis","status":"publish","type":"post","link":"https:\/\/noticiasveracruz.com\/index.php\/2025\/03\/05\/infame-praxis\/","title":{"rendered":"INFAME PRAXIS"},"content":{"rendered":"<p>En todos los horizontes de M\u00e9xico existen togas de abogados postulantes que se entregan con amor y pasi\u00f3n a obtener justicia, lo efect\u00faan porque estiman que es el camino correcto que le se\u00f1ala la Constituci\u00f3n Pol\u00edtica de los Estados Unidos Mexicanos, no s\u00f3lo con su entrega, su escala de valores, sino sus m\u00e1s definidas emociones vitales. Por ello, desencantados de la impresionante corrupci\u00f3n que existe en la praxis de procuraci\u00f3n e impartici\u00f3n de justicia, de motu propio decidieron oponerse a esa verg\u00fcenza.<\/p>\n<p>La Academia de Derecho Penal del Colegio Nacional de Abogados Foro de M\u00e9xico, A.C., ya se hab\u00eda inconformado en a\u00f1os previos, desde los inicios de la era del neoliberalismo. Antes que ello aconteciera, alz\u00f3 su voz de dignidad y oposici\u00f3n la recordada toga de Javier Olea Mu\u00f1oz.<\/p>\n<p>En recientes fechas la Primera Magistrada de la Naci\u00f3n ha quebrado lanzas con agentes del ministerio p\u00fablico, fiscales, jueces, magistrados y ministros de la Suprema Corte de Justicia de la Naci\u00f3n, dedicados a envilecer y prostituir a la justicia.<\/p>\n<p>La Dra. Claudia Sheinbaum Pardo ha hecho saber al pueblo que pocos casos desmoralizan m\u00e1s que la injusticia y la corrupci\u00f3n expresadas en nombre del Estado y de la Ley.<\/p>\n<p>No obstante, esa expresi\u00f3n insoslayable e indispensable para M\u00e9xico, hay togas de indignidad que persisten en degradar a la justicia, olvidando que en manos de bribones es peligrosa la ley.<\/p>\n<p>Seguir permitiendo que la corrupci\u00f3n corra libremente en las agencias del ministerio p\u00fablico, las fiscal\u00edas, los \u00f3rganos jurisdiccionales y hasta en nuestra Suprema Corte de Justicia de la Naci\u00f3n es seguir soltando las riendas a los ignorantes y corruptos para que sigan trastocando la Soberan\u00eda Nacional.<\/p>\n<p>La abogac\u00eda independiente de la Rep\u00fablica hoy debe de hablar alzando con suma energ\u00eda su voz, se requiere esa palabra recia para que el Derecho prevalezca, se requiere la interpelaci\u00f3n, la reclamaci\u00f3n abierta. El Derecho es la raz\u00f3n fundamental para afianzar el compromiso y para dejar testimonio de un M\u00e9xico limpio, honorable y de justicia.<\/p>\n<p>Es cu\u00e1nto.<\/p>\n<p><img loading=\"lazy\" decoding=\"async\" class=\"alignnone wp-image-51717 size-full\" src=\"http:\/\/noticiasveracruz.com\/wp-content\/uploads\/2025\/03\/FIRMA-EDITORIAL-PD-1.jpg\" alt=\"\" width=\"1024\" height=\"125\" srcset=\"https:\/\/noticiasveracruz.com\/wp-content\/uploads\/2025\/03\/FIRMA-EDITORIAL-PD-1.jpg 1024w, https:\/\/noticiasveracruz.com\/wp-content\/uploads\/2025\/03\/FIRMA-EDITORIAL-PD-1-300x37.jpg 300w, https:\/\/noticiasveracruz.com\/wp-content\/uploads\/2025\/03\/FIRMA-EDITORIAL-PD-1-768x94.jpg 768w\" sizes=\"auto, (max-width: 1024px) 100vw, 1024px\" \/><\/p>\n","protected":false},"excerpt":{"rendered":"<p>En todos los horizontes de M\u00e9xico existen togas de abogados postulantes que se entregan con amor y pasi\u00f3n a obtener<\/p>\n","protected":false},"author":4,"featured_media":39651,"comment_status":"closed","ping_status":"closed","sticky":false,"template":"","format":"standard","meta":{"colormag_page_container_layout":"default_layout","colormag_page_sidebar_layout":"default_layout","_jetpack_memberships_contains_paid_content":false,"footnotes":"","jetpack_publicize_message":"","jetpack_publicize_feature_enabled":true,"jetpack_social_post_already_shared":true,"jetpack_social_options":{"image_generator_settings":{"template":"highway","default_image_id":0,"font":"","enabled":false},"version":2}},"categories":[6],"tags":[],"class_list":["post-51721","post","type-post","status-publish","format-standard","has-post-thumbnail","hentry","category-columnistas"],"jetpack_publicize_connections":[],"jetpack_featured_media_url":"https:\/\/noticiasveracruz.com\/wp-content\/uploads\/2024\/09\/NV-ALBERTO-WOOLRICH-2.jpg","jetpack_sharing_enabled":true,"publishpress_future_action":{"enabled":false,"date":"2026-05-08 05:07:58","action":"change-status","newStatus":"draft","terms":[],"taxonomy":"category","extraData":[]},"publishpress_future_workflow_manual_trigger":{"enabledWorkflows":[]},"_links":{"self":[{"href":"https:\/\/noticiasveracruz.com\/index.php\/wp-json\/wp\/v2\/posts\/51721","targetHints":{"allow":["GET"]}}],"collection":[{"href":"https:\/\/noticiasveracruz.com\/index.php\/wp-json\/wp\/v2\/posts"}],"about":[{"href":"https:\/\/noticiasveracruz.com\/index.php\/wp-json\/wp\/v2\/types\/post"}],"author":[{"embeddable":true,"href":"https:\/\/noticiasveracruz.com\/index.php\/wp-json\/wp\/v2\/users\/4"}],"replies":[{"embeddable":true,"href":"https:\/\/noticiasveracruz.com\/index.php\/wp-json\/wp\/v2\/comments?post=51721"}],"version-history":[{"count":0,"href":"https:\/\/noticiasveracruz.com\/index.php\/wp-json\/wp\/v2\/posts\/51721\/revisions"}],"wp:featuredmedia":[{"embeddable":true,"href":"https:\/\/noticiasveracruz.com\/index.php\/wp-json\/wp\/v2\/media\/39651"}],"wp:attachment":[{"href":"https:\/\/noticiasveracruz.com\/index.php\/wp-json\/wp\/v2\/media?parent=51721"}],"wp:term":[{"taxonomy":"category","embeddable":true,"href":"https:\/\/noticiasveracruz.com\/index.php\/wp-json\/wp\/v2\/categories?post=51721"},{"taxonomy":"post_tag","embeddable":true,"href":"https:\/\/noticiasveracruz.com\/index.php\/wp-json\/wp\/v2\/tags?post=51721"}],"curies":[{"name":"wp","href":"https:\/\/api.w.org\/{rel}","templated":true}]}}