{"id":51719,"date":"2025-03-05T23:03:10","date_gmt":"2025-03-06T05:03:10","guid":{"rendered":"https:\/\/noticiasveracruz.com\/?p=51719"},"modified":"2025-03-05T23:03:10","modified_gmt":"2025-03-06T05:03:10","slug":"d-e-d-a-z-o","status":"publish","type":"post","link":"https:\/\/noticiasveracruz.com\/index.php\/2025\/03\/05\/d-e-d-a-z-o\/","title":{"rendered":"D E D A Z O"},"content":{"rendered":"<p>A cuentagotas, en lo que \u201cplanchan\u201d las inconformidades en cada municipio, Morena empez\u00f3 a anunciar esta semana qui\u00e9nes encabezar\u00e1n sus candidaturas a los 212 ayuntamientos veracruzanos que se renovar\u00e1n en los comicios de este pr\u00f3ximo 1 de junio.<\/p>\n<p>Como ya es una costumbre en el nuevo partido oficial, sus procesos se hicieron al margen de la legalidad electoral, a trav\u00e9s de figuras que no est\u00e1n contempladas en norma alguna, como la de \u201cpromotores de la cuarta transformaci\u00f3n\u201d, eufemismo para darle la vuelta a las leyes y no decirles precandidatos, que es lo que en realidad son y que, por ese motivo, tendr\u00edan que rendir cuentas de sus gastos de promoci\u00f3n y las aportaciones recibidas en este periodo.<\/p>\n<p>Sin embargo, como no hay autoridad que les ponga un alto y mucho menos que se atreva a anularles alguna candidatura, en Morena hacen lo que quieren y postulan a quienes la c\u00fapula, no la militancia \u2013como pretenden hacerles creer-, escoge.<\/p>\n<p>Aunque el \u201cm\u00e9todo\u201d que supuestamente utilizan para las definiciones es el de las encuestas, desde el proceso electoral del a\u00f1o pasado qued\u00f3 m\u00e1s que probado que es una falacia, un enga\u00f1o, porque la decisi\u00f3n final se toma en el centro del pa\u00eds, mediante el infalible e inefable \u201cdedazo\u201d. As\u00ed se defini\u00f3 en su momento la candidatura de Roc\u00edo Nahle a la gubernatura de Veracruz y as\u00ed se est\u00e1n decidiendo las de las presidencias municipales.<\/p>\n<p>Por ejemplo, desde el inicio se supo que para Xalapa la \u201celegida\u201d era Daniela Griego, quien hasta el \u00faltimo minuto se aferr\u00f3 a la direcci\u00f3n del Instituto de Pensiones, responsabilidad p\u00fablica que \u201ccombin\u00f3\u201d con su proselitismo partidista abiertamente. Aunque en realidad, ni falta le hac\u00eda. La decisi\u00f3n siempre estuvo tomada en su favor.<\/p>\n<p>Mismo caso del subsecretario de Finanzas Pedro Miguel Rosaldo, alfil de Nahle para la presidencia municipal de Coatzacoalcos, que tampoco tuvo la \u201cdelicadeza\u201d de renunciar a su cargo gubernamental para hacer proselitismo. Dir\u00e1n que la ley se los permit\u00eda porque lo hac\u00edan en sus \u201cratos libres\u201d, triste simulaci\u00f3n que ni siquiera pretende esconder el evidente desv\u00edo de recursos p\u00fablicos.<\/p>\n<p>Pero no fueron \u00e9stas las \u00fanicas imposiciones. Una de las m\u00e1s groseras fue en el municipio de Alvarado, que seg\u00fan el convenio de coalici\u00f3n le correspond\u00eda encabezar a su \u201caliado\u201d el Partido Verde, pero en donde Morena meti\u00f3 \u201ca chaleco\u201d al impresentable expanista y exemecista Hip\u00f3lito Deschamps, a quien con esto le \u201cpagaron\u201d su papel como esquirol del r\u00e9gimen en la pasada elecci\u00f3n por la gubernatura. Y todav\u00eda para mayor escarnio, oficialmente se presentar\u00e1 como posici\u00f3n del PVEM.<\/p>\n<p>Otra es la del exalcalde expriista de Orizaba Igor Roj\u00ed, quien al saber que no ser\u00eda \u201cungido\u201d otra vez como \u201csucesor\u201d del actual mun\u00edcipe Juan Manuel Diez, con la mano en la cintura brinc\u00f3 a la \u201ccuarta transformaci\u00f3n\u201d desde 2023 e intentar\u00e1 regresar al palacio municipal de la Pluviosilla, donde los militantes de Morena est\u00e1n morados, pero de coraje, pues se las volvieron a aplicar.<\/p>\n<p>En Poza Rica fue colocada la diputada local Adanely Rodr\u00edguez Rodr\u00edguez, exdirectora de Comunicaci\u00f3n Social del mismo ayuntamiento que ahora quiere gobernar, y posici\u00f3n del presidente de la Junta de Coordinaci\u00f3n Pol\u00edtica del Congreso de Veracruz, Esteban Bautista. Ah\u00ed lo que en realidad llam\u00f3 la atenci\u00f3n fue la confirmaci\u00f3n de que el exsecretario de Finanzas del sexenio anterior, Jos\u00e9 Luis Lima Franco, en realidad fue echado del c\u00edrculo gobernante y que lo de su supuesta \u201caspiraci\u00f3n\u201d a la alcald\u00eda fue un mero pretexto para no evidenciar la fractura en la v\u00edspera del inicio de la actual administraci\u00f3n estatal.<\/p>\n<p>Caso aparte es el de Daniel Antonio Baizabal Gonz\u00e1lez, quien ser\u00e1 de nueva cuenta candidato en Emiliano Zapata. Solo que antes lo fue por el PRD-PAN, impulsado en ese momento por el gobernador Miguel \u00c1ngel Yunes Linares, y despu\u00e9s por Redes Sociales Progresistas, que para entonces regenteaba en Veracruz la expriista y hoy petista \u2013y censora- Elizabeth Morales Garc\u00eda. Baizabal perdi\u00f3 en todos los intentos. Y a pesar de que Morena lo rechaz\u00f3 en 2021 precisamente por sus v\u00ednculos yunistas, ahora parece que hubo razones de pe$o para darle la candidatura.<\/p>\n<p>Por las mismas andan los dem\u00e1s \u201cpromotores de la cuarta transformaci\u00f3n\u201d que han sido anunciados y los que se dar\u00e1n a conocer en los siguientes d\u00edas: todo se reduce a compromisos, imposiciones descaradas, intereses de grupo, compadrazgos, pago de facturas y complicidades.<\/p>\n<p>De democracia, nada. Viles \u201cdedazos\u201d. En la mejor tradici\u00f3n del viejo PRI, reencarnado en Morena.<\/p>\n<p><img loading=\"lazy\" decoding=\"async\" class=\"alignnone wp-image-51717 size-full\" src=\"http:\/\/noticiasveracruz.com\/wp-content\/uploads\/2025\/03\/FIRMA-EDITORIAL-PD-1.jpg\" alt=\"\" width=\"1024\" height=\"125\" srcset=\"https:\/\/noticiasveracruz.com\/wp-content\/uploads\/2025\/03\/FIRMA-EDITORIAL-PD-1.jpg 1024w, https:\/\/noticiasveracruz.com\/wp-content\/uploads\/2025\/03\/FIRMA-EDITORIAL-PD-1-300x37.jpg 300w, https:\/\/noticiasveracruz.com\/wp-content\/uploads\/2025\/03\/FIRMA-EDITORIAL-PD-1-768x94.jpg 768w\" sizes=\"auto, (max-width: 1024px) 100vw, 1024px\" \/><\/p>\n","protected":false},"excerpt":{"rendered":"<p>A cuentagotas, en lo que \u201cplanchan\u201d las inconformidades en cada municipio, Morena empez\u00f3 a anunciar esta semana qui\u00e9nes encabezar\u00e1n sus<\/p>\n","protected":false},"author":4,"featured_media":39719,"comment_status":"closed","ping_status":"closed","sticky":false,"template":"","format":"standard","meta":{"colormag_page_container_layout":"default_layout","colormag_page_sidebar_layout":"default_layout","_jetpack_memberships_contains_paid_content":false,"footnotes":"","jetpack_publicize_message":"","jetpack_publicize_feature_enabled":true,"jetpack_social_post_already_shared":true,"jetpack_social_options":{"image_generator_settings":{"template":"highway","default_image_id":0,"font":"","enabled":false},"version":2}},"categories":[6],"tags":[],"class_list":["post-51719","post","type-post","status-publish","format-standard","has-post-thumbnail","hentry","category-columnistas"],"jetpack_publicize_connections":[],"jetpack_featured_media_url":"https:\/\/noticiasveracruz.com\/wp-content\/uploads\/2024\/09\/NV-RUBICA-2.jpg","jetpack_sharing_enabled":true,"publishpress_future_action":{"enabled":false,"date":"2026-05-08 05:48:49","action":"change-status","newStatus":"draft","terms":[],"taxonomy":"category","extraData":[]},"publishpress_future_workflow_manual_trigger":{"enabledWorkflows":[]},"_links":{"self":[{"href":"https:\/\/noticiasveracruz.com\/index.php\/wp-json\/wp\/v2\/posts\/51719","targetHints":{"allow":["GET"]}}],"collection":[{"href":"https:\/\/noticiasveracruz.com\/index.php\/wp-json\/wp\/v2\/posts"}],"about":[{"href":"https:\/\/noticiasveracruz.com\/index.php\/wp-json\/wp\/v2\/types\/post"}],"author":[{"embeddable":true,"href":"https:\/\/noticiasveracruz.com\/index.php\/wp-json\/wp\/v2\/users\/4"}],"replies":[{"embeddable":true,"href":"https:\/\/noticiasveracruz.com\/index.php\/wp-json\/wp\/v2\/comments?post=51719"}],"version-history":[{"count":0,"href":"https:\/\/noticiasveracruz.com\/index.php\/wp-json\/wp\/v2\/posts\/51719\/revisions"}],"wp:featuredmedia":[{"embeddable":true,"href":"https:\/\/noticiasveracruz.com\/index.php\/wp-json\/wp\/v2\/media\/39719"}],"wp:attachment":[{"href":"https:\/\/noticiasveracruz.com\/index.php\/wp-json\/wp\/v2\/media?parent=51719"}],"wp:term":[{"taxonomy":"category","embeddable":true,"href":"https:\/\/noticiasveracruz.com\/index.php\/wp-json\/wp\/v2\/categories?post=51719"},{"taxonomy":"post_tag","embeddable":true,"href":"https:\/\/noticiasveracruz.com\/index.php\/wp-json\/wp\/v2\/tags?post=51719"}],"curies":[{"name":"wp","href":"https:\/\/api.w.org\/{rel}","templated":true}]}}