{"id":51697,"date":"2025-03-06T00:14:17","date_gmt":"2025-03-06T06:14:17","guid":{"rendered":"https:\/\/noticiasveracruz.com\/?p=51697"},"modified":"2025-03-05T22:33:23","modified_gmt":"2025-03-06T04:33:23","slug":"abogados-de-acapulco-rechazan-plan-de-trasladar-sede-de-la-junta-de-conciliacion","status":"publish","type":"post","link":"https:\/\/noticiasveracruz.com\/index.php\/2025\/03\/06\/abogados-de-acapulco-rechazan-plan-de-trasladar-sede-de-la-junta-de-conciliacion\/","title":{"rendered":"Abogados de Acapulco rechazan plan de trasladar sede de la Junta de Conciliaci\u00f3n"},"content":{"rendered":"<p class=\"nota-justify\">Abogados litigantes se manifestaron este mi\u00e9rcoles en el interior y el exterior del Palacio Federal, en el centro de Acapulco, durante aproximadamente 30 minutos, para protestar contra la intenci\u00f3n de la Secretar\u00eda del Trabajo y Previsi\u00f3n Social Federal de cerrar las instalaciones de la Junta Federal de Conciliaci\u00f3n y Arbitraje en el puerto, y trasladarlas a la ciudad de Cuernavaca, Morelos.<\/p>\n<p class=\"nota-justify\">Advirtieron que no s\u00f3lo se afecta a una veintena de trabajadores que laboran en la Junta Federal de Conciliaci\u00f3n y Arbitraje n\u00famero 43, cuyas oficinas se encuentran en el Palacio Federal, sino que tambi\u00e9n se deja a la deriva el seguimiento de alrededor de 3 mil expedientes, as\u00ed como a los querellantes.<\/p>\n<p class=\"nota-justify\">Subrayaron que en otras ciudades como Puebla, las instalaciones de la Junta Federal fueron trasladadas a Tlaxcala.<\/p>\n<p class=\"nota-justify\">En otros casos, las oficinas fueron instaladas en Oaxaca, lo que representa que un trabajador que tiene una afectaci\u00f3n econ\u00f3mica, no pueda dar seguimiento a su caso.<\/p>\n<p class=\"nota-justify\">Los inconformes mostraron una pancarta con el mensaje: \u00abNo al cambio de sede de la Junta Federal 43 de Acapulco. Basta de agraviar el patrimonio de los trabajadores\u00bb.<\/p>\n<p class=\"nota-justify\">Uno de los portavoces de los manifestantes, Pablo C\u00e9sar Sol\u00eds Nava, abogado litigante, expres\u00f3 que \u00absi cierra la Junta Federal, \u00bfcu\u00e1ntos trabajadores se van a quedar sin empleo?, no hay certeza de que los vayan a liquidar, que no nos golpeen de esa manera, sobre todo a la clase trabajadora\u00bb.<\/p>\n<p class=\"nota-justify\">Recalc\u00f3 que \u00ablo que nosotros queremos es que la Junta Federal de Conciliaci\u00f3n y Arbitraje permanezca aqu\u00ed en Acapulco, si se la llevan ser\u00e1 un duro golpe a la clase trabajadora, son 3 mil expedientes m\u00e1s o menos, pero hay juicios que son colectivos\u00bb.<\/p>\n<p class=\"nota-justify\">Sol\u00eds Nava manifest\u00f3 que los trabajadores se van a ver obligados a abandonar sus juicios, o a hacer un gasto adicional de lo que ya hacen, pues obviamente los abogados tambi\u00e9n cobran, y tendr\u00e1n que trasladarse a Cuernavaca, aunque habr\u00e1 trabajadores que podr\u00e1n sostener el seguimiento de sus juicios. Advirti\u00f3 que la Junta de Cuernavaca est\u00e1 saturada.<\/p>\n<p class=\"nota-justify\">Sol\u00eds Nava pidi\u00f3 que las autoridades consideren el tiempo que la Junta Federal estuvo cerrada luego del paso del hurac\u00e1n Otis, el 25 de octubre de 2023, que fue m\u00e1s de un a\u00f1o.<\/p>\n<p class=\"nota-justify\">Recrimin\u00f3 que \u00abes una aberraci\u00f3n por parte del gobierno federal, \u00bfd\u00f3nde queda el acceso a la justicia?\u00bb, y puntualiz\u00f3 que para los patrones no representa un problema mayor, pues las dependencias federales y las grandes empresas tienen representantes en todos los estados.<\/p>\n","protected":false},"excerpt":{"rendered":"<p>Abogados litigantes se manifestaron este mi\u00e9rcoles en el interior y el exterior del Palacio Federal, en el centro de Acapulco,<\/p>\n","protected":false},"author":4,"featured_media":51698,"comment_status":"closed","ping_status":"closed","sticky":false,"template":"","format":"standard","meta":{"colormag_page_container_layout":"default_layout","colormag_page_sidebar_layout":"default_layout","_jetpack_memberships_contains_paid_content":false,"footnotes":"","jetpack_publicize_message":"","jetpack_publicize_feature_enabled":true,"jetpack_social_post_already_shared":true,"jetpack_social_options":{"image_generator_settings":{"template":"highway","default_image_id":0,"font":"","enabled":false},"version":2}},"categories":[145],"tags":[],"class_list":["post-51697","post","type-post","status-publish","format-standard","has-post-thumbnail","hentry","category-estados"],"jetpack_publicize_connections":[],"jetpack_featured_media_url":"https:\/\/noticiasveracruz.com\/wp-content\/uploads\/2025\/03\/XCCV.jpg","jetpack_sharing_enabled":true,"publishpress_future_action":{"enabled":false,"date":"2026-05-10 06:41:19","action":"change-status","newStatus":"draft","terms":[],"taxonomy":"category","extraData":[]},"publishpress_future_workflow_manual_trigger":{"enabledWorkflows":[]},"_links":{"self":[{"href":"https:\/\/noticiasveracruz.com\/index.php\/wp-json\/wp\/v2\/posts\/51697","targetHints":{"allow":["GET"]}}],"collection":[{"href":"https:\/\/noticiasveracruz.com\/index.php\/wp-json\/wp\/v2\/posts"}],"about":[{"href":"https:\/\/noticiasveracruz.com\/index.php\/wp-json\/wp\/v2\/types\/post"}],"author":[{"embeddable":true,"href":"https:\/\/noticiasveracruz.com\/index.php\/wp-json\/wp\/v2\/users\/4"}],"replies":[{"embeddable":true,"href":"https:\/\/noticiasveracruz.com\/index.php\/wp-json\/wp\/v2\/comments?post=51697"}],"version-history":[{"count":0,"href":"https:\/\/noticiasveracruz.com\/index.php\/wp-json\/wp\/v2\/posts\/51697\/revisions"}],"wp:featuredmedia":[{"embeddable":true,"href":"https:\/\/noticiasveracruz.com\/index.php\/wp-json\/wp\/v2\/media\/51698"}],"wp:attachment":[{"href":"https:\/\/noticiasveracruz.com\/index.php\/wp-json\/wp\/v2\/media?parent=51697"}],"wp:term":[{"taxonomy":"category","embeddable":true,"href":"https:\/\/noticiasveracruz.com\/index.php\/wp-json\/wp\/v2\/categories?post=51697"},{"taxonomy":"post_tag","embeddable":true,"href":"https:\/\/noticiasveracruz.com\/index.php\/wp-json\/wp\/v2\/tags?post=51697"}],"curies":[{"name":"wp","href":"https:\/\/api.w.org\/{rel}","templated":true}]}}