{"id":51682,"date":"2025-03-06T00:09:58","date_gmt":"2025-03-06T06:09:58","guid":{"rendered":"https:\/\/noticiasveracruz.com\/?p=51682"},"modified":"2025-03-05T21:37:57","modified_gmt":"2025-03-06T03:37:57","slug":"gobierno-de-sheinbaum-trabaja-de-la-mano-con-el-autotransporte-de-carga-sict","status":"publish","type":"post","link":"https:\/\/noticiasveracruz.com\/index.php\/2025\/03\/06\/gobierno-de-sheinbaum-trabaja-de-la-mano-con-el-autotransporte-de-carga-sict\/","title":{"rendered":"Gobierno de Sheinbaum trabaja de la mano con el autotransporte de carga: SICT"},"content":{"rendered":"<p>El gobierno de la presidenta Claudia Sheinbaum Pardo est\u00e1 comprometido a trabajar con el sector de transporte de carga para enfrentar los retos futuros, se\u00f1al\u00f3 el titular de la Secretar\u00eda de Infraestructura, Comunicaciones y Transportes (SICT), Jes\u00fas Antonio Esteva Medina.<\/p>\n<p>\u201cCreemos firmemente que la colaboraci\u00f3n entre el sector p\u00fablico y privado es esencial para enfrentar los desaf\u00edos actuales y futuros\u201d, dijo el funcionario al participar en la Asamblea General Ordinaria de la C\u00e1mara Nacional del Autotransporte de Carga (Canacar), en la cual fue elegido Miguel \u00c1ngel Mart\u00ednez Mill\u00e1n para un tercer y \u00faltimo periodo.<\/p>\n<p>El titular de la SICT pidi\u00f3 mantener un di\u00e1logo abierto y constructivo como se ha hecho hasta el momento para encontrar estrategias y soluciones que beneficien a todos los actores involucrados.<\/p>\n<p>Esteva Medina reiter\u00f3 el compromiso y la voluntad del gobierno federal para trabajar en estrecha colaboraci\u00f3n en beneficio de todos los mexicanos. \u201cEs tiempo de unidad, es tiempo de trabajo en conjunto, es momento de ver por M\u00e9xico\u201d, dijo.<\/p>\n<p>El funcionario indic\u00f3 que la capacidad de adaptaci\u00f3n y resistencia a crisis de este sector han sido fundamentales para asegurar que las cadenas de suministro contin\u00faen operando eficientemente en todo momento.<\/p>\n<p>\u201cEl autotransporte de carga es uno de los pilares fundamentales para el desarrollo de M\u00e9xico\u201d, dijo.<\/p>\n<p>Refiri\u00f3 que datos del INEGI, indican que este sector aporta el 3.8 por ciento del producto interno bruto y moviliza m\u00e1s de 565 millones de toneladas de productos y mercanc\u00edas a todos los rincones de territorio nacional, lo que equivale al 50 por ciento del total de la carga que se genera en el pa\u00eds.<\/p>\n<p>\u201cLa Canacar ha desempe\u00f1ado un papel esencial en la modernizaci\u00f3n y desarrollo del sector y su labor ha sido fundamental para impulsar la industria\u201d, se\u00f1al\u00f3.<\/p>\n<p>Apunt\u00f3 que desde el inicio de esta administraci\u00f3n la SICT traz\u00f3 objetivos estrat\u00e9gicos para fortalecer al sector del autotransporte de carga, lo cual incluye el programa de mantenimiento y conservaci\u00f3n vial Bachet\u00f3n. Agreg\u00f3 que tambi\u00e9n buscan reducir el tiempo de espera en las filas de las casetas de cobro.<\/p>\n","protected":false},"excerpt":{"rendered":"<p>El gobierno de la presidenta Claudia Sheinbaum Pardo est\u00e1 comprometido a trabajar con el sector de transporte de carga para<\/p>\n","protected":false},"author":4,"featured_media":51683,"comment_status":"closed","ping_status":"closed","sticky":false,"template":"","format":"standard","meta":{"colormag_page_container_layout":"default_layout","colormag_page_sidebar_layout":"default_layout","_jetpack_memberships_contains_paid_content":false,"footnotes":"","jetpack_publicize_message":"","jetpack_publicize_feature_enabled":true,"jetpack_social_post_already_shared":true,"jetpack_social_options":{"image_generator_settings":{"template":"highway","default_image_id":0,"font":"","enabled":false},"version":2}},"categories":[1947],"tags":[],"class_list":["post-51682","post","type-post","status-publish","format-standard","has-post-thumbnail","hentry","category-economia"],"jetpack_publicize_connections":[],"jetpack_featured_media_url":"https:\/\/noticiasveracruz.com\/wp-content\/uploads\/2025\/03\/AU.jpg","jetpack_sharing_enabled":true,"publishpress_future_action":{"enabled":false,"date":"2026-05-08 09:37:48","action":"change-status","newStatus":"draft","terms":[],"taxonomy":"category","extraData":[]},"publishpress_future_workflow_manual_trigger":{"enabledWorkflows":[]},"_links":{"self":[{"href":"https:\/\/noticiasveracruz.com\/index.php\/wp-json\/wp\/v2\/posts\/51682","targetHints":{"allow":["GET"]}}],"collection":[{"href":"https:\/\/noticiasveracruz.com\/index.php\/wp-json\/wp\/v2\/posts"}],"about":[{"href":"https:\/\/noticiasveracruz.com\/index.php\/wp-json\/wp\/v2\/types\/post"}],"author":[{"embeddable":true,"href":"https:\/\/noticiasveracruz.com\/index.php\/wp-json\/wp\/v2\/users\/4"}],"replies":[{"embeddable":true,"href":"https:\/\/noticiasveracruz.com\/index.php\/wp-json\/wp\/v2\/comments?post=51682"}],"version-history":[{"count":0,"href":"https:\/\/noticiasveracruz.com\/index.php\/wp-json\/wp\/v2\/posts\/51682\/revisions"}],"wp:featuredmedia":[{"embeddable":true,"href":"https:\/\/noticiasveracruz.com\/index.php\/wp-json\/wp\/v2\/media\/51683"}],"wp:attachment":[{"href":"https:\/\/noticiasveracruz.com\/index.php\/wp-json\/wp\/v2\/media?parent=51682"}],"wp:term":[{"taxonomy":"category","embeddable":true,"href":"https:\/\/noticiasveracruz.com\/index.php\/wp-json\/wp\/v2\/categories?post=51682"},{"taxonomy":"post_tag","embeddable":true,"href":"https:\/\/noticiasveracruz.com\/index.php\/wp-json\/wp\/v2\/tags?post=51682"}],"curies":[{"name":"wp","href":"https:\/\/api.w.org\/{rel}","templated":true}]}}