{"id":51679,"date":"2025-03-06T00:08:00","date_gmt":"2025-03-06T06:08:00","guid":{"rendered":"https:\/\/noticiasveracruz.com\/?p=51679"},"modified":"2025-03-05T21:35:49","modified_gmt":"2025-03-06T03:35:49","slug":"senadoras-exponen-avances-y-pendientes-en-la-lucha-por-los-derechos-de-la-mujer","status":"publish","type":"post","link":"https:\/\/noticiasveracruz.com\/index.php\/2025\/03\/06\/senadoras-exponen-avances-y-pendientes-en-la-lucha-por-los-derechos-de-la-mujer\/","title":{"rendered":"Senadoras exponen avances y pendientes en la lucha por los derechos de la mujer"},"content":{"rendered":"<p class=\"nota-justify\">Desde la tribuna del Senado, las legisladoras de Morena celebraron el D\u00eda Internacional de la Mujer, con un reconocimiento a la postura valiente de la presidenta Claudia Sheinbaum, en la defensa de la soberan\u00eda frente a Estados Unidos y en su decisi\u00f3n de llevar a la Carta Magna el derecho a la igualdad sustantiva.<\/p>\n<p class=\"nota-justify\">Se leyeron testimonios de luchas cotidianas de mujeres y el presidente del Senado, Gerardo Fern\u00e1ndez Noro\u00f1a, estall\u00f3 en sollozos desde tribuna, cuando le\u00eda el Mar\u00eda de la Luz Vel\u00e1zquez Villalobos, su abuela, quien naci\u00f3 pobre, ind\u00edgena y abandonada por un marido golpeador, debi\u00f3 trabajar como costurera para mantener y sacar adelante a sus tres hijos, Daniel, Rosa Mar\u00eda y Rebeca Noro\u00f1a Vel\u00e1zquez.<\/p>\n<p class=\"nota-justify\">No pudo dejar de llorar desde la mesa directiva y apenas logr\u00f3 terminar el texto, arropado por las senadoras de Morena que, antes, en voz de Mal\u00fa Micher, reconoci\u00f3 que, como lo expresaron priistas y panistas, a\u00fan hay pendientes para frenar la violencia de g\u00e9nero, pero les record\u00f3 que fue la izquierda en los \u00faltimos cincuenta a\u00f1os, la que ha dado la lucha por los derechos de las mujeres.<\/p>\n<p class=\"nota-justify\">Les exigi\u00f3, adem\u00e1s, que no responsabilicen a la presidenta Sheinbaum de que en las fiscal\u00edas no se investigue a fondo los feminicidios, las violaciones de ni\u00f1as y adolescentes por familiares, las desapariciones de mujeres y que pongan tambi\u00e9n de su parte para avanzar en contra de la cultura del patriarcado.<\/p>\n<p class=\"nota-justify\">Micher les hizo notar que hab\u00eda un acuerdo de la mesa directiva, pero las opositoras prefirieron ocupar el espacio para criticar a Morena e insistir en las guarder\u00edas que PRI y PAN que eran negocio de pol\u00edticos y familiares.<\/p>\n<p class=\"nota-justify\">\u201cEntiendo perfectamente sus reclamos, pero me siento muy orgullosa de formar parte de este Senado , porque tenemos cinco a\u00f1os para seguir legislando y presentando reformas, para que la vida de las mujeres afro mexicanas, la vida de las ind\u00edgenas de las viudas, de las trabajadoras del hogar\u201d, pueda mejorar.<\/p>\n<p class=\"nota-justify\">Antes, a nombre del PAN, Laura Esquivel sostuvo que no leer\u00eda el testimonio asignado y prefer\u00eda se\u00f1alar que \u201ces una l\u00e1stima que a pesar de tener por primera vez una presidenta con A, la violencia sexual sigue en aumento , s\u00f3lo cuatro de cada 100 feminicidios se llevan a la justicia\u201d y millones de mujeres siguen viviendo en situaci\u00f3n de pobreza\u201d.<\/p>\n<p class=\"nota-justify\">La senador Micher le respondi\u00f3: \u201cNo acepto que se lo est\u00e9n reclamando una presidenta Claudia Sheinbaum. Se les olvida que el PRI y el PAN dejaron pobres a las mujeres\u201d. No le reclamen, insisti\u00f3, lo que no hicieron otros gobiernos\u201d:<\/p>\n<p class=\"nota-justify\">Igualmente, las tambi\u00e9n Morenistas Laura Itzel Castillo, Beatriz Mojica y Reyna Celeste Ascencio, reconocieron la decisi\u00f3n de la presidenta Sheinbaum de llevar a la Constituci\u00f3n dlos derechos de las mujeres a una vida libre de violencia y a una igualdad salarial.<\/p>\n<p class=\"nota-justify\">\u201cInvitamos a todos a acompa\u00f1ar a nuestra presidenta Sheinbaum el pr\u00f3ximo domingo al z\u00f3calo\u201d, recalc\u00f3 la senadora Castillo.<\/p>\n","protected":false},"excerpt":{"rendered":"<p>Desde la tribuna del Senado, las legisladoras de Morena celebraron el D\u00eda Internacional de la Mujer, con un reconocimiento a<\/p>\n","protected":false},"author":4,"featured_media":51680,"comment_status":"closed","ping_status":"closed","sticky":false,"template":"","format":"standard","meta":{"colormag_page_container_layout":"default_layout","colormag_page_sidebar_layout":"default_layout","_jetpack_memberships_contains_paid_content":false,"footnotes":"","jetpack_publicize_message":"","jetpack_publicize_feature_enabled":true,"jetpack_social_post_already_shared":true,"jetpack_social_options":{"image_generator_settings":{"template":"highway","default_image_id":0,"font":"","enabled":false},"version":2}},"categories":[4],"tags":[],"class_list":["post-51679","post","type-post","status-publish","format-standard","has-post-thumbnail","hentry","category-nacional"],"jetpack_publicize_connections":[],"jetpack_featured_media_url":"https:\/\/noticiasveracruz.com\/wp-content\/uploads\/2025\/03\/MU.jpg","jetpack_sharing_enabled":true,"publishpress_future_action":{"enabled":false,"date":"2026-05-08 10:28:09","action":"change-status","newStatus":"draft","terms":[],"taxonomy":"category","extraData":[]},"publishpress_future_workflow_manual_trigger":{"enabledWorkflows":[]},"_links":{"self":[{"href":"https:\/\/noticiasveracruz.com\/index.php\/wp-json\/wp\/v2\/posts\/51679","targetHints":{"allow":["GET"]}}],"collection":[{"href":"https:\/\/noticiasveracruz.com\/index.php\/wp-json\/wp\/v2\/posts"}],"about":[{"href":"https:\/\/noticiasveracruz.com\/index.php\/wp-json\/wp\/v2\/types\/post"}],"author":[{"embeddable":true,"href":"https:\/\/noticiasveracruz.com\/index.php\/wp-json\/wp\/v2\/users\/4"}],"replies":[{"embeddable":true,"href":"https:\/\/noticiasveracruz.com\/index.php\/wp-json\/wp\/v2\/comments?post=51679"}],"version-history":[{"count":0,"href":"https:\/\/noticiasveracruz.com\/index.php\/wp-json\/wp\/v2\/posts\/51679\/revisions"}],"wp:featuredmedia":[{"embeddable":true,"href":"https:\/\/noticiasveracruz.com\/index.php\/wp-json\/wp\/v2\/media\/51680"}],"wp:attachment":[{"href":"https:\/\/noticiasveracruz.com\/index.php\/wp-json\/wp\/v2\/media?parent=51679"}],"wp:term":[{"taxonomy":"category","embeddable":true,"href":"https:\/\/noticiasveracruz.com\/index.php\/wp-json\/wp\/v2\/categories?post=51679"},{"taxonomy":"post_tag","embeddable":true,"href":"https:\/\/noticiasveracruz.com\/index.php\/wp-json\/wp\/v2\/tags?post=51679"}],"curies":[{"name":"wp","href":"https:\/\/api.w.org\/{rel}","templated":true}]}}