{"id":51676,"date":"2025-03-06T00:07:49","date_gmt":"2025-03-06T06:07:49","guid":{"rendered":"https:\/\/noticiasveracruz.com\/?p=51676"},"modified":"2025-03-05T21:34:03","modified_gmt":"2025-03-06T03:34:03","slug":"sep-recibe-pliego-nacional-de-demandas-del-snte","status":"publish","type":"post","link":"https:\/\/noticiasveracruz.com\/index.php\/2025\/03\/06\/sep-recibe-pliego-nacional-de-demandas-del-snte\/","title":{"rendered":"SEP recibe Pliego Nacional de Demandas del SNTE"},"content":{"rendered":"<p class=\"nota-justify\">La Secretar\u00eda de Educaci\u00f3n P\u00fablica (SEP) recibi\u00f3 el Pliego Nacional de Demandas (PND) del Sindicato Nacional de Trabajadores de la Educaci\u00f3n (SNTE), con lo cual comenzar\u00e1n las mesas de trabajo, el an\u00e1lisis y las negociaciones presupuestales entre ambas partes.<\/p>\n<p class=\"nota-justify\">En la sede hist\u00f3rica de la SEP, sostuvieron una reuni\u00f3n el secretario del ramo Mario Delgado Carrillo y el secretario general del sindicato Alfonso Cepeda Salas, para entregar el PND 2025. En d\u00edas recientes, Cepeda Salas inform\u00f3 que el pliego consta de 290 demandas, divididas en tres anexos, resultado de la s\u00e9ptima consulta nacional, en la que participaron un mill\u00f3n 517 mil agremiados.<\/p>\n<p class=\"nota-justify\">Delgado\u00a0\u00a0asegur\u00f3 que se trabaja con los maestros del pa\u00eds para garantizar el derecho a la educaci\u00f3n universal, inclusiva, p\u00fablica, gratuita y laica.<\/p>\n<p class=\"nota-justify\">Reconoci\u00f3 la participaci\u00f3n del magisterio y se\u00f1al\u00f3 que ese compromiso debe traducirse en pol\u00edticas p\u00fablicas que mejoren sus condiciones salariales y prestacionales.<\/p>\n<p class=\"nota-justify\">Por su parte, Cepeda Salas, destac\u00f3 que \u00e9sta es la primera negociaci\u00f3n salarial y laboral del sindicato con\u00a0\u00a0el gobierno de la presidenta Claudia Sheinbaum Pardo.<\/p>\n","protected":false},"excerpt":{"rendered":"<p>La Secretar\u00eda de Educaci\u00f3n P\u00fablica (SEP) recibi\u00f3 el Pliego Nacional de Demandas (PND) del Sindicato Nacional de Trabajadores de la<\/p>\n","protected":false},"author":4,"featured_media":51677,"comment_status":"closed","ping_status":"closed","sticky":false,"template":"","format":"standard","meta":{"colormag_page_container_layout":"default_layout","colormag_page_sidebar_layout":"default_layout","_jetpack_memberships_contains_paid_content":false,"footnotes":"","jetpack_publicize_message":"","jetpack_publicize_feature_enabled":true,"jetpack_social_post_already_shared":true,"jetpack_social_options":{"image_generator_settings":{"template":"highway","default_image_id":0,"font":"","enabled":false},"version":2}},"categories":[4],"tags":[],"class_list":["post-51676","post","type-post","status-publish","format-standard","has-post-thumbnail","hentry","category-nacional"],"jetpack_publicize_connections":[],"jetpack_featured_media_url":"https:\/\/noticiasveracruz.com\/wp-content\/uploads\/2025\/03\/SE-2.jpg","jetpack_sharing_enabled":true,"publishpress_future_action":{"enabled":false,"date":"2026-05-08 11:22:48","action":"change-status","newStatus":"draft","terms":[],"taxonomy":"category","extraData":[]},"publishpress_future_workflow_manual_trigger":{"enabledWorkflows":[]},"_links":{"self":[{"href":"https:\/\/noticiasveracruz.com\/index.php\/wp-json\/wp\/v2\/posts\/51676","targetHints":{"allow":["GET"]}}],"collection":[{"href":"https:\/\/noticiasveracruz.com\/index.php\/wp-json\/wp\/v2\/posts"}],"about":[{"href":"https:\/\/noticiasveracruz.com\/index.php\/wp-json\/wp\/v2\/types\/post"}],"author":[{"embeddable":true,"href":"https:\/\/noticiasveracruz.com\/index.php\/wp-json\/wp\/v2\/users\/4"}],"replies":[{"embeddable":true,"href":"https:\/\/noticiasveracruz.com\/index.php\/wp-json\/wp\/v2\/comments?post=51676"}],"version-history":[{"count":0,"href":"https:\/\/noticiasveracruz.com\/index.php\/wp-json\/wp\/v2\/posts\/51676\/revisions"}],"wp:featuredmedia":[{"embeddable":true,"href":"https:\/\/noticiasveracruz.com\/index.php\/wp-json\/wp\/v2\/media\/51677"}],"wp:attachment":[{"href":"https:\/\/noticiasveracruz.com\/index.php\/wp-json\/wp\/v2\/media?parent=51676"}],"wp:term":[{"taxonomy":"category","embeddable":true,"href":"https:\/\/noticiasveracruz.com\/index.php\/wp-json\/wp\/v2\/categories?post=51676"},{"taxonomy":"post_tag","embeddable":true,"href":"https:\/\/noticiasveracruz.com\/index.php\/wp-json\/wp\/v2\/tags?post=51676"}],"curies":[{"name":"wp","href":"https:\/\/api.w.org\/{rel}","templated":true}]}}