{"id":51673,"date":"2025-03-06T00:06:51","date_gmt":"2025-03-06T06:06:51","guid":{"rendered":"https:\/\/noticiasveracruz.com\/?p=51673"},"modified":"2025-03-05T21:31:48","modified_gmt":"2025-03-06T03:31:48","slug":"dialogo-efectivo-clave-para-que-8m-sea-jornada-de-libre-expresion-sg","status":"publish","type":"post","link":"https:\/\/noticiasveracruz.com\/index.php\/2025\/03\/06\/dialogo-efectivo-clave-para-que-8m-sea-jornada-de-libre-expresion-sg\/","title":{"rendered":"Di\u00e1logo efectivo, clave para que 8M sea jornada de libre expresi\u00f3n: SG"},"content":{"rendered":"<p class=\"nota-justify\">La secretaria de Gobernaci\u00f3n, Rosa Icela Rodr\u00edguez, sostuvo que el di\u00e1logo efectivo ser\u00e1 la clave para garantizar que el 8 de marzo, D\u00eda Internacional de la Mujer, \u201csea una jornada de expresi\u00f3n libre y segura\u201d.<\/p>\n<p class=\"nota-justify\">Tras conversar con las secretarias y secretarios de gobierno de todas las entidades del pa\u00eds, subray\u00f3 que \u00abel Estado mexicano tiene la capacidad de acompa\u00f1ar las protestas con responsabilidad con los derechos humanos\u201d, y \u201ctiene un compromiso con la libre expresi\u00f3n de ideas y el respeto irrestricto al derecho de las movilizaciones pac\u00edficas\u201d.<\/p>\n<p class=\"nota-justify\">Durante el encuentro virtual, realizado por medio de una videoconferencia, destac\u00f3 la creaci\u00f3n del Protocolo para la Atenci\u00f3n y Gesti\u00f3n de la Protesta Pac\u00edfica, pero apunt\u00f3 que depender\u00e1 de \u201cla voluntad pol\u00edtica y compromiso\u201d de cada entidad para implementarlo \u201ccon seriedad y responsabilidad\u201d<\/p>\n<p class=\"nota-justify\">Por medio de un comunicado, explic\u00f3 que el protocolo recoge pr\u00e1cticas que han dado buenos resultados, pero aclar\u00f3 que cada manifestaci\u00f3n es distinta en los municipios y estados, por lo que se puede adaptar a las realidades locales, as\u00ed como servir de herramienta para actuar desde una visi\u00f3n humanista. \u201cCreemos firmemente que la clave para la atenci\u00f3n de este tipo de eventos es la concertaci\u00f3n, di\u00e1logo y m\u00e1s di\u00e1logo\u201d, insisti\u00f3.<\/p>\n<p class=\"nota-justify\">Adem\u00e1s, propuso a los funcionarios estatales una serie de acciones a realizar antes, durante y despu\u00e9s de las movilizaciones. Conmin\u00f3 a \u201catender demandas de los grupos; dialogar y ayudar a distender tensiones; establecer puntos de evacuaci\u00f3n, y designar enlaces de seguimiento exclusivamente para periodistas\u201d.<\/p>\n<p class=\"nota-justify\">Record\u00f3 que el protocolo surgi\u00f3 de la sistematizaci\u00f3n de las experiencias de atenci\u00f3n a la protesta social en la Ciudad de M\u00e9xico, cuando la presidenta Claudia Sheinbaum fue Jefa de Gobierno.<\/p>\n<p class=\"nota-justify\">Para las mujeres en todo el mundo, agreg\u00f3, \u201cla conmemoraci\u00f3n del pr\u00f3ximo s\u00e1bado representa a\u00f1os de lucha y reclamo para exigir una sociedad igualitaria y el respeto a sus derechos. Hoy, m\u00e1s que nunca, estamos viviendo en M\u00e9xico tiempos de cambio. Tenemos la primera mujer presidenta de la Rep\u00fablica: La Doctora Claudia Sheinbaum Pardo\u201d.<\/p>\n<p class=\"nota-justify\">Entre los puntos que integran el protocolo de actuaci\u00f3n, se indica que \u201cse debe privilegiar el di\u00e1logo y la resoluci\u00f3n pac\u00edfica de conflictos siempre, especialmente, cuando hay tensiones entre la libertad de expresi\u00f3n y los derechos de terceros, incluso cuando sea legal usar la fuerza p\u00fablica o las personas manifestantes no est\u00e9n dispuestas a dialogar, siempre se debe privilegiar el di\u00e1logo, insistimos\u201d.<\/p>\n<p class=\"nota-justify\">Tambi\u00e9n, se expone que \u201cel derecho de manifestaci\u00f3n, expresi\u00f3n y reuni\u00f3n, en cuanto a derecho, no es condicionable, garantizando los derechos de terceros\u201d, y se a\u00f1ade que \u201cjam\u00e1s se usar\u00e1 la fuerza p\u00fablica para reprimir, agredir, o afectar de cualquier manera a las personas que expresen sus ideas de forma pac\u00edfica\u201d.<\/p>\n","protected":false},"excerpt":{"rendered":"<p>La secretaria de Gobernaci\u00f3n, Rosa Icela Rodr\u00edguez, sostuvo que el di\u00e1logo efectivo ser\u00e1 la clave para garantizar que el 8<\/p>\n","protected":false},"author":4,"featured_media":51674,"comment_status":"closed","ping_status":"closed","sticky":false,"template":"","format":"standard","meta":{"colormag_page_container_layout":"default_layout","colormag_page_sidebar_layout":"default_layout","_jetpack_memberships_contains_paid_content":false,"footnotes":"","jetpack_publicize_message":"","jetpack_publicize_feature_enabled":true,"jetpack_social_post_already_shared":true,"jetpack_social_options":{"image_generator_settings":{"template":"highway","default_image_id":0,"font":"","enabled":false},"version":2}},"categories":[4],"tags":[],"class_list":["post-51673","post","type-post","status-publish","format-standard","has-post-thumbnail","hentry","category-nacional"],"jetpack_publicize_connections":[],"jetpack_featured_media_url":"https:\/\/noticiasveracruz.com\/wp-content\/uploads\/2025\/03\/RO.jpg","jetpack_sharing_enabled":true,"publishpress_future_action":{"enabled":false,"date":"2026-05-08 12:13:06","action":"change-status","newStatus":"draft","terms":[],"taxonomy":"category","extraData":[]},"publishpress_future_workflow_manual_trigger":{"enabledWorkflows":[]},"_links":{"self":[{"href":"https:\/\/noticiasveracruz.com\/index.php\/wp-json\/wp\/v2\/posts\/51673","targetHints":{"allow":["GET"]}}],"collection":[{"href":"https:\/\/noticiasveracruz.com\/index.php\/wp-json\/wp\/v2\/posts"}],"about":[{"href":"https:\/\/noticiasveracruz.com\/index.php\/wp-json\/wp\/v2\/types\/post"}],"author":[{"embeddable":true,"href":"https:\/\/noticiasveracruz.com\/index.php\/wp-json\/wp\/v2\/users\/4"}],"replies":[{"embeddable":true,"href":"https:\/\/noticiasveracruz.com\/index.php\/wp-json\/wp\/v2\/comments?post=51673"}],"version-history":[{"count":0,"href":"https:\/\/noticiasveracruz.com\/index.php\/wp-json\/wp\/v2\/posts\/51673\/revisions"}],"wp:featuredmedia":[{"embeddable":true,"href":"https:\/\/noticiasveracruz.com\/index.php\/wp-json\/wp\/v2\/media\/51674"}],"wp:attachment":[{"href":"https:\/\/noticiasveracruz.com\/index.php\/wp-json\/wp\/v2\/media?parent=51673"}],"wp:term":[{"taxonomy":"category","embeddable":true,"href":"https:\/\/noticiasveracruz.com\/index.php\/wp-json\/wp\/v2\/categories?post=51673"},{"taxonomy":"post_tag","embeddable":true,"href":"https:\/\/noticiasveracruz.com\/index.php\/wp-json\/wp\/v2\/tags?post=51673"}],"curies":[{"name":"wp","href":"https:\/\/api.w.org\/{rel}","templated":true}]}}