{"id":51670,"date":"2025-03-06T00:05:58","date_gmt":"2025-03-06T06:05:58","guid":{"rendered":"https:\/\/noticiasveracruz.com\/?p=51670"},"modified":"2025-03-05T21:29:52","modified_gmt":"2025-03-06T03:29:52","slug":"scjn-avala-nuevas-dispociones-para-concesiones-mineras","status":"publish","type":"post","link":"https:\/\/noticiasveracruz.com\/index.php\/2025\/03\/06\/scjn-avala-nuevas-dispociones-para-concesiones-mineras\/","title":{"rendered":"SCJN avala nuevas dispociones para concesiones mineras"},"content":{"rendered":"<p class=\"nota-justify\">La Segunda Sala de la Suprema Corte de Justicia de la Naci\u00f3n (SCJN) neg\u00f3 un amparo a la\u00a0empresa Exploraciones del Altiplano, y confirm\u00f3 la validez del art\u00edculo que establece que la exploraci\u00f3n, explotaci\u00f3n, beneficio y aprovechamiento del litio queda cargo de un organismo p\u00fablico descentralizado, y tambi\u00e9n determin\u00f3 que las nuevas \u201cconcesiones mineras s\u00f3lo se otorgar\u00e1n mediante concurso de licitaci\u00f3n p\u00fablica que garantice al Estado las mejores condiciones econ\u00f3micas y de beneficio a la poblaci\u00f3n\u201d.<\/p>\n<p class=\"nota-justify\">Con base en el proyecto presentado por el ministro Alberto P\u00e9rez Day\u00e1n, los integrantes de la Segunda Sala determinaron que \u201cantes de la reforma reclamada (por la empresa Exploraciones del Altiplano), la ley preve\u00eda que la concesi\u00f3n se otorgar\u00eda sobre el terreno libre al primer solicitante en tiempo que cumpliera los requisitos establecidos en dicha ley y en su reglamento, esto es, la norma no exig\u00eda un concurso de licitaci\u00f3n p\u00fablica como requisito para otorgar concesiones mineras, sino que \u00e9stas se daban al primer solicitante que cumpliera los requisitos respectivos\u201d.<\/p>\n<p class=\"nota-justify\">La Segunda Sala consider\u00f3 que al imponerse una nueva normatividad para obtener nuevas concesiones no se transgrede el principio de irretroactividad en perjuicio de la minera solicitante del amparo.<\/p>\n<p>As\u00ed qued\u00f3 establecido que las empresas que tienen concesiones mineras \u201cest\u00e1n obligadas a sujetarse a las disposiciones generales y a las normas oficiales mexicanas aplicables a la industria minero-metal\u00fargica en materia de seguridad en las minas y de equilibrio ecol\u00f3gico y protecci\u00f3n al ambiente\u201d, que se establecieron en la reforma de 2023.<\/p>\n<p class=\"nota-justify\">Asimismo, se explic\u00f3 que las concesiones de exploraci\u00f3n y explotaci\u00f3n otorgadas con anterioridad a la entrada en vigor de la reforma minera \u201ctendr\u00e1n la duraci\u00f3n prevista en el t\u00edtulo respectivo\u201d.<\/p>\n<p class=\"nota-justify\">Exploraciones del Altiplano cuestion\u00f3 en su solicitud de amparo lo establecido por el Congreso de la Uni\u00f3n respecto a que empresas privadas puedan realizar trabajos de exploraci\u00f3n o explotaci\u00f3n de litio, y la Corte determin\u00f3 que la norma no puede ser modificada pues tiene nivel constitucional.<\/p>\n<p class=\"nota-justify\">A este respecto se\u00f1al\u00f3 la Corte, \u201cel decreto reclamado en las normas antes reproducidas impone ciertas limitaciones que inciden en la actividad minera y por ende en las concesiones para la materia, en tanto que la exploraci\u00f3n, explotaci\u00f3n, beneficio y aprovechamiento del litio quedan exclusivamente a cargo del Estado a trav\u00e9s de un organismo p\u00fablico descentralizado sectorizado a la Secretar\u00eda de Energ\u00eda\u201d.<\/p>\n<p class=\"nota-justify\">Por ello, la Segunda Sala concluy\u00f3 que \u201cla reforma al art\u00edculo 27 de la Constituci\u00f3n Pol\u00edtica de los Estados Unidos Mexicanos, espec\u00edficamente, en su p\u00e1rrafo sexto, estableci\u00f3, entre otras cuestiones, que trat\u00e1ndose de litio no se otorgar\u00e1n concesiones\u201d.<\/p>\n","protected":false},"excerpt":{"rendered":"<p>La Segunda Sala de la Suprema Corte de Justicia de la Naci\u00f3n (SCJN) neg\u00f3 un amparo a la\u00a0empresa Exploraciones del<\/p>\n","protected":false},"author":4,"featured_media":51671,"comment_status":"closed","ping_status":"closed","sticky":false,"template":"","format":"standard","meta":{"colormag_page_container_layout":"default_layout","colormag_page_sidebar_layout":"default_layout","_jetpack_memberships_contains_paid_content":false,"footnotes":"","jetpack_publicize_message":"","jetpack_publicize_feature_enabled":true,"jetpack_social_post_already_shared":true,"jetpack_social_options":{"image_generator_settings":{"template":"highway","default_image_id":0,"font":"","enabled":false},"version":2}},"categories":[4],"tags":[],"class_list":["post-51670","post","type-post","status-publish","format-standard","has-post-thumbnail","hentry","category-nacional"],"jetpack_publicize_connections":[],"jetpack_featured_media_url":"https:\/\/noticiasveracruz.com\/wp-content\/uploads\/2025\/03\/MI-1.jpg","jetpack_sharing_enabled":true,"publishpress_future_action":{"enabled":false,"date":"2026-05-08 13:07:04","action":"change-status","newStatus":"draft","terms":[],"taxonomy":"category","extraData":[]},"publishpress_future_workflow_manual_trigger":{"enabledWorkflows":[]},"_links":{"self":[{"href":"https:\/\/noticiasveracruz.com\/index.php\/wp-json\/wp\/v2\/posts\/51670","targetHints":{"allow":["GET"]}}],"collection":[{"href":"https:\/\/noticiasveracruz.com\/index.php\/wp-json\/wp\/v2\/posts"}],"about":[{"href":"https:\/\/noticiasveracruz.com\/index.php\/wp-json\/wp\/v2\/types\/post"}],"author":[{"embeddable":true,"href":"https:\/\/noticiasveracruz.com\/index.php\/wp-json\/wp\/v2\/users\/4"}],"replies":[{"embeddable":true,"href":"https:\/\/noticiasveracruz.com\/index.php\/wp-json\/wp\/v2\/comments?post=51670"}],"version-history":[{"count":0,"href":"https:\/\/noticiasveracruz.com\/index.php\/wp-json\/wp\/v2\/posts\/51670\/revisions"}],"wp:featuredmedia":[{"embeddable":true,"href":"https:\/\/noticiasveracruz.com\/index.php\/wp-json\/wp\/v2\/media\/51671"}],"wp:attachment":[{"href":"https:\/\/noticiasveracruz.com\/index.php\/wp-json\/wp\/v2\/media?parent=51670"}],"wp:term":[{"taxonomy":"category","embeddable":true,"href":"https:\/\/noticiasveracruz.com\/index.php\/wp-json\/wp\/v2\/categories?post=51670"},{"taxonomy":"post_tag","embeddable":true,"href":"https:\/\/noticiasveracruz.com\/index.php\/wp-json\/wp\/v2\/tags?post=51670"}],"curies":[{"name":"wp","href":"https:\/\/api.w.org\/{rel}","templated":true}]}}