{"id":51667,"date":"2025-03-06T00:04:27","date_gmt":"2025-03-06T06:04:27","guid":{"rendered":"https:\/\/noticiasveracruz.com\/?p=51667"},"modified":"2025-03-05T21:18:18","modified_gmt":"2025-03-06T03:18:18","slug":"respalda-nahle-estrategia-para-mejorar-la-salud","status":"publish","type":"post","link":"https:\/\/noticiasveracruz.com\/index.php\/2025\/03\/06\/respalda-nahle-estrategia-para-mejorar-la-salud\/","title":{"rendered":"Respalda Nahle estrategia para mejorar la salud"},"content":{"rendered":"<p>La gobernadora de Veracruz, Roc\u00edo Nahle Garc\u00eda, particip\u00f3 en la reuni\u00f3n <span id=\"_GoBack\"><\/span>celebrada en Palacio Nacional, convocada por la presidenta de M\u00e9xico, Claudia Sheinbaum Pardo.<\/p>\n<p>&nbsp;<\/p>\n<p>El objetivo del encuentro fue revisar los avances del modelo IMSS-Bienestar y reforzar el compromiso con un sistema universal y accesible.<\/p>\n<p>La Presidenta destac\u00f3 la importancia de esta iniciativa en sus redes sociales, \u00abnuestra prioridad es garantizar un sistema de salud gratuito, universal y de calidad\u00bb.<\/p>\n<p>Por su parte, la Gobernadora expres\u00f3 su agradecimiento hacia la Presidenta por el apoyo brindado a Veracruz y otras entidades federativas en la b\u00fasqueda de la universalidad en la atenci\u00f3n.<\/p>\n<p>Durante la reuni\u00f3n, abordaron estrategias para mejorar la atenci\u00f3n m\u00e9dica en las regiones que a\u00fan enfrentan desaf\u00edos en el sector.<\/p>\n<p>En el estado las prioridades son la infraestructura, el abasto de medicamentos, as\u00ed como la mejora de cocinas en hospitales, a fin de brindar una alimentaci\u00f3n adecuada a los pacientes.<\/p>\n<p>&nbsp;<\/p>\n","protected":false},"excerpt":{"rendered":"<p>La gobernadora de Veracruz, Roc\u00edo Nahle Garc\u00eda, particip\u00f3 en la reuni\u00f3n celebrada en Palacio Nacional, convocada por la presidenta de<\/p>\n","protected":false},"author":4,"featured_media":51668,"comment_status":"closed","ping_status":"closed","sticky":false,"template":"","format":"standard","meta":{"colormag_page_container_layout":"default_layout","colormag_page_sidebar_layout":"default_layout","_jetpack_memberships_contains_paid_content":false,"footnotes":"","jetpack_publicize_message":"","jetpack_publicize_feature_enabled":true,"jetpack_social_post_already_shared":true,"jetpack_social_options":{"image_generator_settings":{"template":"highway","default_image_id":0,"font":"","enabled":false},"version":2}},"categories":[356],"tags":[],"class_list":["post-51667","post","type-post","status-publish","format-standard","has-post-thumbnail","hentry","category-veracruz"],"jetpack_publicize_connections":[],"jetpack_featured_media_url":"https:\/\/noticiasveracruz.com\/wp-content\/uploads\/2025\/03\/9a-2.jpg","jetpack_sharing_enabled":true,"publishpress_future_action":{"enabled":false,"date":"2026-05-10 02:29:38","action":"change-status","newStatus":"draft","terms":[],"taxonomy":"category","extraData":[]},"publishpress_future_workflow_manual_trigger":{"enabledWorkflows":[]},"_links":{"self":[{"href":"https:\/\/noticiasveracruz.com\/index.php\/wp-json\/wp\/v2\/posts\/51667","targetHints":{"allow":["GET"]}}],"collection":[{"href":"https:\/\/noticiasveracruz.com\/index.php\/wp-json\/wp\/v2\/posts"}],"about":[{"href":"https:\/\/noticiasveracruz.com\/index.php\/wp-json\/wp\/v2\/types\/post"}],"author":[{"embeddable":true,"href":"https:\/\/noticiasveracruz.com\/index.php\/wp-json\/wp\/v2\/users\/4"}],"replies":[{"embeddable":true,"href":"https:\/\/noticiasveracruz.com\/index.php\/wp-json\/wp\/v2\/comments?post=51667"}],"version-history":[{"count":0,"href":"https:\/\/noticiasveracruz.com\/index.php\/wp-json\/wp\/v2\/posts\/51667\/revisions"}],"wp:featuredmedia":[{"embeddable":true,"href":"https:\/\/noticiasveracruz.com\/index.php\/wp-json\/wp\/v2\/media\/51668"}],"wp:attachment":[{"href":"https:\/\/noticiasveracruz.com\/index.php\/wp-json\/wp\/v2\/media?parent=51667"}],"wp:term":[{"taxonomy":"category","embeddable":true,"href":"https:\/\/noticiasveracruz.com\/index.php\/wp-json\/wp\/v2\/categories?post=51667"},{"taxonomy":"post_tag","embeddable":true,"href":"https:\/\/noticiasveracruz.com\/index.php\/wp-json\/wp\/v2\/tags?post=51667"}],"curies":[{"name":"wp","href":"https:\/\/api.w.org\/{rel}","templated":true}]}}