{"id":51661,"date":"2025-03-06T00:02:43","date_gmt":"2025-03-06T06:02:43","guid":{"rendered":"https:\/\/noticiasveracruz.com\/?p=51661"},"modified":"2025-03-05T21:11:37","modified_gmt":"2025-03-06T03:11:37","slug":"sev-e-ip-desarrollan-el-pensamiento-cientifico","status":"publish","type":"post","link":"https:\/\/noticiasveracruz.com\/index.php\/2025\/03\/06\/sev-e-ip-desarrollan-el-pensamiento-cientifico\/","title":{"rendered":"SEV e IP desarrollan el pensamiento cient\u00edfico"},"content":{"rendered":"<p>La Secretar\u00eda de Educaci\u00f3n de Veracruz (SEV) fortaleci\u00f3 la ense\u00f1anza de la ciencia, la tecnolog\u00eda y la innovaci\u00f3n en Educaci\u00f3n B\u00e1sica con la entrega de material did\u00e1ctico tecnol\u00f3gico a 31 escuelas multigrado, como parte del Programa de Aplicaci\u00f3n de los Sistemas de Ense\u00f1anza Vivencial e Indagatoria de las Ciencias (PASEVIC-Ciencia para Todos).<\/p>\n<p>A trav\u00e9s de esta estrategia, que incorpora recursos pedag\u00f3gicos innovadores en las aulas, la SEV refuerza el enfoque STEAM (Ciencia, Tecnolog\u00eda, Ingenier\u00eda, Arte y Matem\u00e1ticas) establecido en la Nueva Escuela Mexicana, brindando a las y los estudiantes herramientas para desarrollar su creatividad, pensamiento cr\u00edtico y resoluci\u00f3n de problemas.<\/p>\n<p>En el evento, realizado en el auditorio de la Benem\u00e9rita Escuela Normal Veracruzana Enrique C. R\u00e9bsamen, ocho planteles de preescolar, 10 de primaria y 13 de secundaria recibieron material educativo dise\u00f1ado para explorar la vida submarina y fomentar la conciencia ambiental sobre la conservaci\u00f3n de los oc\u00e9anos.<\/p>\n<p>Esta iniciativa, desarrollada en colaboraci\u00f3n con la empresa LEGO y la Fundaci\u00f3n RobotiX, provee herramientas que fortalecen la educaci\u00f3n cient\u00edfica.<\/p>\n<p>Al finalizar la entrega, directores y docentes participaron en una capacitaci\u00f3n impartida por especialistas de RobotiX para maximizar el aprovechamiento del material en las aulas.<\/p>\n","protected":false},"excerpt":{"rendered":"<p>La Secretar\u00eda de Educaci\u00f3n de Veracruz (SEV) fortaleci\u00f3 la ense\u00f1anza de la ciencia, la tecnolog\u00eda y la innovaci\u00f3n en Educaci\u00f3n<\/p>\n","protected":false},"author":4,"featured_media":51662,"comment_status":"closed","ping_status":"closed","sticky":false,"template":"","format":"standard","meta":{"colormag_page_container_layout":"default_layout","colormag_page_sidebar_layout":"default_layout","_jetpack_memberships_contains_paid_content":false,"footnotes":"","jetpack_publicize_message":"","jetpack_publicize_feature_enabled":true,"jetpack_social_post_already_shared":true,"jetpack_social_options":{"image_generator_settings":{"template":"highway","default_image_id":0,"font":"","enabled":false},"version":2}},"categories":[356],"tags":[],"class_list":["post-51661","post","type-post","status-publish","format-standard","has-post-thumbnail","hentry","category-veracruz"],"jetpack_publicize_connections":[],"jetpack_featured_media_url":"https:\/\/noticiasveracruz.com\/wp-content\/uploads\/2025\/03\/9c-1.jpg","jetpack_sharing_enabled":true,"publishpress_future_action":{"enabled":false,"date":"2026-05-08 06:03:48","action":"change-status","newStatus":"draft","terms":[],"taxonomy":"category","extraData":[]},"publishpress_future_workflow_manual_trigger":{"enabledWorkflows":[]},"_links":{"self":[{"href":"https:\/\/noticiasveracruz.com\/index.php\/wp-json\/wp\/v2\/posts\/51661","targetHints":{"allow":["GET"]}}],"collection":[{"href":"https:\/\/noticiasveracruz.com\/index.php\/wp-json\/wp\/v2\/posts"}],"about":[{"href":"https:\/\/noticiasveracruz.com\/index.php\/wp-json\/wp\/v2\/types\/post"}],"author":[{"embeddable":true,"href":"https:\/\/noticiasveracruz.com\/index.php\/wp-json\/wp\/v2\/users\/4"}],"replies":[{"embeddable":true,"href":"https:\/\/noticiasveracruz.com\/index.php\/wp-json\/wp\/v2\/comments?post=51661"}],"version-history":[{"count":0,"href":"https:\/\/noticiasveracruz.com\/index.php\/wp-json\/wp\/v2\/posts\/51661\/revisions"}],"wp:featuredmedia":[{"embeddable":true,"href":"https:\/\/noticiasveracruz.com\/index.php\/wp-json\/wp\/v2\/media\/51662"}],"wp:attachment":[{"href":"https:\/\/noticiasveracruz.com\/index.php\/wp-json\/wp\/v2\/media?parent=51661"}],"wp:term":[{"taxonomy":"category","embeddable":true,"href":"https:\/\/noticiasveracruz.com\/index.php\/wp-json\/wp\/v2\/categories?post=51661"},{"taxonomy":"post_tag","embeddable":true,"href":"https:\/\/noticiasveracruz.com\/index.php\/wp-json\/wp\/v2\/tags?post=51661"}],"curies":[{"name":"wp","href":"https:\/\/api.w.org\/{rel}","templated":true}]}}