{"id":51658,"date":"2025-03-06T00:01:00","date_gmt":"2025-03-06T06:01:00","guid":{"rendered":"https:\/\/noticiasveracruz.com\/?p=51658"},"modified":"2025-03-05T21:10:11","modified_gmt":"2025-03-06T03:10:11","slug":"10-precandidatos-de-mc-fueron-amenazados","status":"publish","type":"post","link":"https:\/\/noticiasveracruz.com\/index.php\/2025\/03\/06\/10-precandidatos-de-mc-fueron-amenazados\/","title":{"rendered":"10 precandidatos de MC fueron amenazados"},"content":{"rendered":"<p>Al menos 10 precandidatas y precandidatos de Movimiento Ciudadano (MC) han sido amenazados e intimidados en el estado de Veracruz, luego de que se inscribieran en el proceso para contener por una de las 212 alcald\u00edas que hay en la entidad.<\/p>\n<p>El coordinador de MC en Veracruz, Luis Carbonell de la Hoz, confirm\u00f3 que los aspirantes se acercaron a \u00e9l para notificarle que est\u00e1n siendo hostigados y as\u00ed declinen en su aspiraci\u00f3n.<\/p>\n<p>\u201cA lo mejor me han manifestado 10 que tienen preocupaci\u00f3n y temen por sus vidas. Incluso, muchos de ellos me han dicho: no digas nada hasta que sea el proceso porque no nos vayan a matar, muchas mujeres amenazadas, es preocupante, a nadie le gusta decirlo, pero alguien tiene que alzar la voz\u201d, enfatiz\u00f3 Carbonell de la Hoz.<\/p>\n<p>El l\u00edder del \u201cpartido naranja\u201d dio a conocer que s\u00ed hay focos rojos por inseguridad en las distintas regiones del estado de Veracruz, pues hay personajes de la pol\u00edtica que han solicitado protecci\u00f3n policial para realizar sus actividades en distintos municipios.<\/p>\n<p>Por este motivo, la dirigencia de MC emiti\u00f3 un oficio al Organismo P\u00fablico Local Electoral (OPLE) para garantizar que la Secretar\u00eda de Seguridad P\u00fablica (SSP) brinde acompa\u00f1amiento a los aspirantes de este partido pol\u00edtico.<\/p>\n<p>\u201cEntonces, primero, se genera una gran preocupaci\u00f3n. Segundo, que est\u00e9n intimidando a nuestros candidatos nos demuestra que somos la opci\u00f3n, pero tambi\u00e9n hago un llamado a la\u00a0Secretar\u00eda de Seguridad P\u00fablica que cumpla con su responsabilidad y garantice la vida y la seguridad\u201d, refiri\u00f3.<\/p>\n<p>Por cuestiones de seguridad, el l\u00edder de MC en Veracruz omiti\u00f3 los nombres de los aspirantes y los municipios donde se han reportado las amenazas contra sus precandidatos; sin embargo, mencion\u00f3 que se han registrado casos en las zonas norte, sur y en la regi\u00f3n de las Altas Monta\u00f1as de la entidad.<\/p>\n<p>Luis Carbonell afirm\u00f3 que los afectados se niegan a presentar las denuncias en la Fiscal\u00eda General del Estado (FGE) por presunta desconfianza en las instituciones de procuraci\u00f3n e impartici\u00f3n de justicia.<\/p>\n","protected":false},"excerpt":{"rendered":"<p>Al menos 10 precandidatas y precandidatos de Movimiento Ciudadano (MC) han sido amenazados e intimidados en el estado de Veracruz,<\/p>\n","protected":false},"author":4,"featured_media":51659,"comment_status":"closed","ping_status":"closed","sticky":false,"template":"","format":"standard","meta":{"colormag_page_container_layout":"default_layout","colormag_page_sidebar_layout":"default_layout","_jetpack_memberships_contains_paid_content":false,"footnotes":"","jetpack_publicize_message":"","jetpack_publicize_feature_enabled":true,"jetpack_social_post_already_shared":true,"jetpack_social_options":{"image_generator_settings":{"template":"highway","default_image_id":0,"font":"","enabled":false},"version":2}},"categories":[356],"tags":[],"class_list":["post-51658","post","type-post","status-publish","format-standard","has-post-thumbnail","hentry","category-veracruz"],"jetpack_publicize_connections":[],"jetpack_featured_media_url":"https:\/\/noticiasveracruz.com\/wp-content\/uploads\/2025\/03\/8a1.jpg","jetpack_sharing_enabled":true,"publishpress_future_action":{"enabled":false,"date":"2026-05-08 05:21:03","action":"change-status","newStatus":"draft","terms":[],"taxonomy":"category","extraData":[]},"publishpress_future_workflow_manual_trigger":{"enabledWorkflows":[]},"_links":{"self":[{"href":"https:\/\/noticiasveracruz.com\/index.php\/wp-json\/wp\/v2\/posts\/51658","targetHints":{"allow":["GET"]}}],"collection":[{"href":"https:\/\/noticiasveracruz.com\/index.php\/wp-json\/wp\/v2\/posts"}],"about":[{"href":"https:\/\/noticiasveracruz.com\/index.php\/wp-json\/wp\/v2\/types\/post"}],"author":[{"embeddable":true,"href":"https:\/\/noticiasveracruz.com\/index.php\/wp-json\/wp\/v2\/users\/4"}],"replies":[{"embeddable":true,"href":"https:\/\/noticiasveracruz.com\/index.php\/wp-json\/wp\/v2\/comments?post=51658"}],"version-history":[{"count":0,"href":"https:\/\/noticiasveracruz.com\/index.php\/wp-json\/wp\/v2\/posts\/51658\/revisions"}],"wp:featuredmedia":[{"embeddable":true,"href":"https:\/\/noticiasveracruz.com\/index.php\/wp-json\/wp\/v2\/media\/51659"}],"wp:attachment":[{"href":"https:\/\/noticiasveracruz.com\/index.php\/wp-json\/wp\/v2\/media?parent=51658"}],"wp:term":[{"taxonomy":"category","embeddable":true,"href":"https:\/\/noticiasveracruz.com\/index.php\/wp-json\/wp\/v2\/categories?post=51658"},{"taxonomy":"post_tag","embeddable":true,"href":"https:\/\/noticiasveracruz.com\/index.php\/wp-json\/wp\/v2\/tags?post=51658"}],"curies":[{"name":"wp","href":"https:\/\/api.w.org\/{rel}","templated":true}]}}