{"id":51637,"date":"2025-03-05T00:34:24","date_gmt":"2025-03-05T06:34:24","guid":{"rendered":"https:\/\/noticiasveracruz.com\/?p=51637"},"modified":"2025-03-05T00:34:24","modified_gmt":"2025-03-05T06:34:24","slug":"presume-trump-accion-rapida-e-implacable-en-inicio-de-mandato","status":"publish","type":"post","link":"https:\/\/noticiasveracruz.com\/index.php\/2025\/03\/05\/presume-trump-accion-rapida-e-implacable-en-inicio-de-mandato\/","title":{"rendered":"Presume Trump \u201cacci\u00f3n r\u00e1pida e implacable\u201d en inicio de mandato"},"content":{"rendered":"<p class=\"nota-justify\">En un discurso repleto de autoelogios que dur\u00f3 m\u00e1s de una hora y media, el presidente estadunidense, Donald Trump, se atribuy\u00f3 esta noche el m\u00e9rito por su \u201cacci\u00f3n r\u00e1pida e implacable\u201d para reorientar la econom\u00eda, la migraci\u00f3n y la pol\u00edtica exterior del pa\u00eds en un discurso al Congreso y al pueblo estadunidense en el que hizo un recuento de sus turbulentas primeras semanas en el cargo, mientras los legisladores dem\u00f3cratas inmediatamente registraron su disenso con rostros impasibles, carteles que gritaban \u201cmentiras\u201d y e incluso la expulsi\u00f3n de un legislador.<\/p>\n<p class=\"nota-justify\">El tel\u00f3n de fondo fue la nueva incertidumbre econ\u00f3mica que se desat\u00f3 despu\u00e9s de que el mandatario republicano impuso aranceles de 25 por ciento a los productos de M\u00e9xico y Canad\u00e1 para \u201casegurar una mayor cooperaci\u00f3n para abordar el tr\u00e1fico de fentanilo y la migraci\u00f3n ilegal\u201d.<\/p>\n<p class=\"nota-justify\">Asegur\u00f3 que \u201clas autoridades mexicanas, debido a las pol\u00edticas arancelarias que les impusimos, nos entregaron a 29 de los mayores l\u00edderes de los c\u00e1rteles de su pa\u00eds. Eso nunca hab\u00eda pasado antes, quieren hacernos felices\u201d.<\/p>\n<p class=\"nota-justify\">\u201cPero necesitamos que M\u00e9xico y Canad\u00e1 hagan mucho m\u00e1s de lo que han hecho. Dejaron que entrara fentanilo a nuestro pa\u00eds a niveles nunca antes vistos y murieron muchas personas. Tienen que detener el fentanilo y las drogas que entran en nuestro pa\u00eds. Pagamos cientos de miles de d\u00f3lares en subsidios a ambas naciones, y no lo haremos m\u00e1s\u201d, agreg\u00f3.<\/p>\n<p class=\"nota-justify\">Tambi\u00e9n se refiri\u00f3 a la designaci\u00f3n que realiz\u00f3 su administraci\u00f3n el pasado 20 de febrero de ocho grupos criminales como Organizaciones Terroristas Globales, incluidos seis c\u00e1rteles mexicanos, y afirm\u00f3 que \u201cest\u00e1n en la misma categor\u00eda que el Estado Isl\u00e1mico. Los c\u00e1rteles est\u00e1n haciendo la guerra a\u00a0<i>America<\/i>\u00a0y es hora de que\u00a0<i>America<\/i>\u00a0haga la guerra a los c\u00e1rteles\u201d.<\/p>\n<p class=\"nota-justify\">Al aludir a las discusiones estancadas de los dem\u00f3cratas del a\u00f1o pasado sobre un proyecto de ley fronterizo, asever\u00f3 que \u201cresulta que todo lo que se necesitaba era un nuevo presidente\u00bb. A su vez agradeci\u00f3 al\u00a0<i>zar<\/i>\u00a0fronterizo, Tom Homan, por la labor que realiza, y se quej\u00f3 de que 21 millones de personas llegaron a Estados Unidos durante la administraci\u00f3n de su antecesor Joe Biden<\/p>\n<p class=\"nota-justify\">Al respecto, la agencia Ap se\u00f1al\u00f3 que dicha cifra, que Trump cita con regularidad, est\u00e1 \u201cmuy inflada\u201d; la Oficina de Aduanas y Protecci\u00f3n Fronteriza de Estados Unidos report\u00f3 10.8 millones de arrestos por cruces ilegales desde M\u00e9xico entre enero de 2021 y diciembre de 2024.<\/p>\n<p class=\"nota-justify\">Trump pidi\u00f3 al Congreso fondos federales adicionales para su ofensiva fronteriza, incluidos sus esfuerzos prometidos de \u201cdeportaci\u00f3n masiva\u201d de personas que se encuentran ilegalmente en Estados Unidos, y llam\u00f3 a los migrantes \u00absalvajes\u00bb.<\/p>\n<p class=\"nota-justify\">En los momentos iniciales de discurso, el presidente de la C\u00e1mara de Representantes, Mike Johnson, orden\u00f3 al sargento de armas de la c\u00e1mara que expulsara al representante Al Green, dem\u00f3crata por Texas, por gritar al magnate: \u201c \u00a1No tienes autoridad para recortar Medicaid!\u201d<\/p>\n<p class=\"nota-justify\">Tras su expulsi\u00f3n, Green dijo a los periodistas que su protesta \u201cvali\u00f3 la pena para que la gente sepa que hay algunas personas que se enfrentar\u00e1n\u201d al presidente, report\u00f3 el New York Times.<\/p>\n<p class=\"nota-justify\">Otros dem\u00f3cratas levantaron carteles con mensajes cr\u00edticos como \u201cSalven Medicaid\u201d y \u201cProtejan a los veteranos\u201d.<\/p>\n<p class=\"nota-justify\">\u201c\u00a1<i>America<\/i>\u00a0est\u00e1 de vuelta! Hemos cumplido m\u00e1s que anteriores administraciones en cuatro semanas y apenas vamos comenzando. No ha habido m\u00e1s que acciones r\u00e1pidas e implacables. El pueblo me eligi\u00f3 para hacer el trabajo, y lo estoy haciendo\u201d, subray\u00f3 Trump.<\/p>\n<p class=\"nota-justify\">A\u00f1adi\u00f3 que trabajan para \u201crecuperar la democracia de esta burocracia irresponsable\u201d, y se\u00f1al\u00f3 a Elon Musk, que estaba sentado en la galer\u00eda de la C\u00e1mara, lo que le vali\u00f3 ovaciones de pie de los republicanos, mientras Trump exageraba y compart\u00eda afirmaciones falsas sobre el supuesto \u00ababuso\u00bb del gobierno que descubri\u00f3 el fundador de Tesla y l\u00edder del Departamento de Eficiencia Gubernamental.<\/p>\n<p class=\"nota-justify\">Trump repiti\u00f3 afirmaciones falsas de que decenas de millones de personas fallecidas mayores de 100 a\u00f1os reciben pagos de Seguridad Social, lo que llev\u00f3 a algunos dem\u00f3cratas a gritar: \u201c\u00a1No es cierto!\u201d y \u201c\u00a1Esas son mentiras!\u201d.<\/p>\n<p class=\"nota-justify\">Asimismo prometi\u00f3 organizar al gobierno federal para reducir los costos de los huevos y la energ\u00eda, y culp\u00f3 a Biden por la situaci\u00f3n, aunque ofreci\u00f3 escasos detalles sobre c\u00f3mo revertir\u00eda la situaci\u00f3n.<\/p>\n<p class=\"nota-justify\">Adem\u00e1s Trump se dijo dispuesto a redoblar sus esfuerzos en la guerra comercial, que seg\u00fan advierten los expertos aumentar\u00e1 los precios para los consumidores. \u201cCualquier impuesto que nos impongan, nosotros los gravaremos. Cualquier impuesto que no impongan, nosotros los gravaremos\u201d, amenaz\u00f3 nuevamente.<\/p>\n<p class=\"nota-justify\">A\u00f1adi\u00f3 que puso fin a la \u201ctiran\u00eda\u201d de las pol\u00edticas de diversidad, equidad e inclusi\u00f3n que revoc\u00f3 en el gobierno federal y en el ej\u00e9rcito, y que adem\u00e1s hab\u00eda impulsado medidas similares en el sector privado. \u201cNuestro pa\u00eds ya no ser\u00e1 woke\u201d, declar\u00f3.<\/p>\n<p class=\"nota-justify\">En pol\u00edtica exterior, Trump aprovech\u00f3 su discurso para abordar sus propuestas para fomentar la paz en Ucrania y Medio Oriente. \u00abAl mismo tiempo, hemos mantenido conversaciones serias con Rusia y recibimos se\u00f1ales claras de que est\u00e1n dispuestos a lograr la paz\u00bb. \u00bfNo ser\u00eda maravilloso?\u00bb, agreg\u00f3.<\/p>\n<p class=\"nota-justify\">Al hablar del Canal de Panam\u00e1, reiter\u00f3 que \u201clo estamos recuperando\u201d, habl\u00f3 de la necesidad de fortalecer su capacidad naval, y su compromiso de \u201cconquistar\u201d Groenlandia \u201cde una manera u otra\u201d.<\/p>\n","protected":false},"excerpt":{"rendered":"<p>En un discurso repleto de autoelogios que dur\u00f3 m\u00e1s de una hora y media, el presidente estadunidense, Donald Trump, se<\/p>\n","protected":false},"author":4,"featured_media":51638,"comment_status":"closed","ping_status":"closed","sticky":false,"template":"","format":"standard","meta":{"colormag_page_container_layout":"default_layout","colormag_page_sidebar_layout":"default_layout","_jetpack_memberships_contains_paid_content":false,"footnotes":"","jetpack_publicize_message":"","jetpack_publicize_feature_enabled":true,"jetpack_social_post_already_shared":true,"jetpack_social_options":{"image_generator_settings":{"template":"highway","default_image_id":0,"font":"","enabled":false},"version":2}},"categories":[355],"tags":[],"class_list":["post-51637","post","type-post","status-publish","format-standard","has-post-thumbnail","hentry","category-internacional"],"jetpack_publicize_connections":[],"jetpack_featured_media_url":"https:\/\/noticiasveracruz.com\/wp-content\/uploads\/2025\/03\/TR-1.jpg","jetpack_sharing_enabled":true,"publishpress_future_action":{"enabled":false,"date":"2026-05-10 03:44:00","action":"change-status","newStatus":"draft","terms":[],"taxonomy":"category","extraData":[]},"publishpress_future_workflow_manual_trigger":{"enabledWorkflows":[]},"_links":{"self":[{"href":"https:\/\/noticiasveracruz.com\/index.php\/wp-json\/wp\/v2\/posts\/51637","targetHints":{"allow":["GET"]}}],"collection":[{"href":"https:\/\/noticiasveracruz.com\/index.php\/wp-json\/wp\/v2\/posts"}],"about":[{"href":"https:\/\/noticiasveracruz.com\/index.php\/wp-json\/wp\/v2\/types\/post"}],"author":[{"embeddable":true,"href":"https:\/\/noticiasveracruz.com\/index.php\/wp-json\/wp\/v2\/users\/4"}],"replies":[{"embeddable":true,"href":"https:\/\/noticiasveracruz.com\/index.php\/wp-json\/wp\/v2\/comments?post=51637"}],"version-history":[{"count":0,"href":"https:\/\/noticiasveracruz.com\/index.php\/wp-json\/wp\/v2\/posts\/51637\/revisions"}],"wp:featuredmedia":[{"embeddable":true,"href":"https:\/\/noticiasveracruz.com\/index.php\/wp-json\/wp\/v2\/media\/51638"}],"wp:attachment":[{"href":"https:\/\/noticiasveracruz.com\/index.php\/wp-json\/wp\/v2\/media?parent=51637"}],"wp:term":[{"taxonomy":"category","embeddable":true,"href":"https:\/\/noticiasveracruz.com\/index.php\/wp-json\/wp\/v2\/categories?post=51637"},{"taxonomy":"post_tag","embeddable":true,"href":"https:\/\/noticiasveracruz.com\/index.php\/wp-json\/wp\/v2\/tags?post=51637"}],"curies":[{"name":"wp","href":"https:\/\/api.w.org\/{rel}","templated":true}]}}