{"id":51625,"date":"2025-03-05T00:27:50","date_gmt":"2025-03-05T06:27:50","guid":{"rendered":"https:\/\/noticiasveracruz.com\/?p=51625"},"modified":"2025-03-05T00:27:50","modified_gmt":"2025-03-05T06:27:50","slug":"yucatan-denuncian-a-lider-priista-en-merida-por-fraude-de-mas-de-10-mdp","status":"publish","type":"post","link":"https:\/\/noticiasveracruz.com\/index.php\/2025\/03\/05\/yucatan-denuncian-a-lider-priista-en-merida-por-fraude-de-mas-de-10-mdp\/","title":{"rendered":"Yucat\u00e1n: denuncian a l\u00edder pri\u00edsta en M\u00e9rida por fraude de m\u00e1s de 10 mdp"},"content":{"rendered":"<p>El empresario Horacio de Freitas interpuso una denuncia ante la Fiscal\u00eda General del Estado de Yucat\u00e1n (FGEY) en contra del presidente del PRI en M\u00e9rida, Rafael Echazarreta Torres, por un fraude superior a los 12 millones de pesos producto de una inversi\u00f3n en un negocio conjunto que jam\u00e1s se materializ\u00f3.<\/p>\n<p>En la querella presentada ante las autoridades judiciales, el empresario denunci\u00f3 que el ex legislador priista, vali\u00e9ndose de su imagen pol\u00edtica, le solicit\u00f3 primero sumas menores para ganar su confianza, a cambio de participar con el 40 por ciento de las acciones en la empresa Exportaciones Integrales Mexicanas.<\/p>\n<p>De Freitas accedi\u00f3 al acuerdo, pero con el tiempo se percat\u00f3 de que las ganancias nunca llegaron e incluso la supuesta empresa habr\u00eda sido embargada en el marco de un litigio internacional.<\/p>\n<p>As\u00ed, a pesar de haber firmado documentos que respaldaban el compromiso, la devoluci\u00f3n del dinero por parte de Echazarreta Torres tampoco se concret\u00f3.<\/p>\n<p>El empresario explic\u00f3 que en un primer momento intent\u00f3 recuperar su inversi\u00f3n de manera pac\u00edfica, pero al no obtener respuesta, decidi\u00f3 proceder legalmente el 30 de diciembre de 2024, fecha en la que interpuso una denuncia ante las autoridades correspondientes.<\/p>\n<p>De Freitas ha manifestado su intenci\u00f3n de seguir adelante con el proceso legal hasta obtener justicia, exige la devoluci\u00f3n de su dinero y que se aplique la ley contra el acusado, a fin de que no caiga en este tipo de enga\u00f1os otro empresario yucateco. El caso se encuentra registrado en la carpeta de investigaci\u00f3n Norte-57-24-2024 y sigue en proceso de investigaci\u00f3n.<\/p>\n","protected":false},"excerpt":{"rendered":"<p>El empresario Horacio de Freitas interpuso una denuncia ante la Fiscal\u00eda General del Estado de Yucat\u00e1n (FGEY) en contra del<\/p>\n","protected":false},"author":4,"featured_media":51626,"comment_status":"closed","ping_status":"closed","sticky":false,"template":"","format":"standard","meta":{"colormag_page_container_layout":"default_layout","colormag_page_sidebar_layout":"default_layout","_jetpack_memberships_contains_paid_content":false,"footnotes":"","jetpack_publicize_message":"","jetpack_publicize_feature_enabled":true,"jetpack_social_post_already_shared":true,"jetpack_social_options":{"image_generator_settings":{"template":"highway","default_image_id":0,"font":"","enabled":false},"version":2}},"categories":[145],"tags":[],"class_list":["post-51625","post","type-post","status-publish","format-standard","has-post-thumbnail","hentry","category-estados"],"jetpack_publicize_connections":[],"jetpack_featured_media_url":"https:\/\/noticiasveracruz.com\/wp-content\/uploads\/2025\/03\/PRI.jpg","jetpack_sharing_enabled":true,"publishpress_future_action":{"enabled":false,"date":"2026-05-08 10:28:19","action":"change-status","newStatus":"draft","terms":[],"taxonomy":"category","extraData":[]},"publishpress_future_workflow_manual_trigger":{"enabledWorkflows":[]},"_links":{"self":[{"href":"https:\/\/noticiasveracruz.com\/index.php\/wp-json\/wp\/v2\/posts\/51625","targetHints":{"allow":["GET"]}}],"collection":[{"href":"https:\/\/noticiasveracruz.com\/index.php\/wp-json\/wp\/v2\/posts"}],"about":[{"href":"https:\/\/noticiasveracruz.com\/index.php\/wp-json\/wp\/v2\/types\/post"}],"author":[{"embeddable":true,"href":"https:\/\/noticiasveracruz.com\/index.php\/wp-json\/wp\/v2\/users\/4"}],"replies":[{"embeddable":true,"href":"https:\/\/noticiasveracruz.com\/index.php\/wp-json\/wp\/v2\/comments?post=51625"}],"version-history":[{"count":0,"href":"https:\/\/noticiasveracruz.com\/index.php\/wp-json\/wp\/v2\/posts\/51625\/revisions"}],"wp:featuredmedia":[{"embeddable":true,"href":"https:\/\/noticiasveracruz.com\/index.php\/wp-json\/wp\/v2\/media\/51626"}],"wp:attachment":[{"href":"https:\/\/noticiasveracruz.com\/index.php\/wp-json\/wp\/v2\/media?parent=51625"}],"wp:term":[{"taxonomy":"category","embeddable":true,"href":"https:\/\/noticiasveracruz.com\/index.php\/wp-json\/wp\/v2\/categories?post=51625"},{"taxonomy":"post_tag","embeddable":true,"href":"https:\/\/noticiasveracruz.com\/index.php\/wp-json\/wp\/v2\/tags?post=51625"}],"curies":[{"name":"wp","href":"https:\/\/api.w.org\/{rel}","templated":true}]}}