{"id":51619,"date":"2025-03-05T00:24:11","date_gmt":"2025-03-05T06:24:11","guid":{"rendered":"https:\/\/noticiasveracruz.com\/?p=51619"},"modified":"2025-03-05T00:24:11","modified_gmt":"2025-03-05T06:24:11","slug":"aprueba-cfe-inversion-para-proyectos-de-generacion-y-distribucion","status":"publish","type":"post","link":"https:\/\/noticiasveracruz.com\/index.php\/2025\/03\/05\/aprueba-cfe-inversion-para-proyectos-de-generacion-y-distribucion\/","title":{"rendered":"Aprueba CFE inversi\u00f3n para proyectos de generaci\u00f3n y distribuci\u00f3n"},"content":{"rendered":"<p>La Comisi\u00f3n Federal de Electricidad (CFE) aprob\u00f3 cinco proyectos estrat\u00e9gicos de generaci\u00f3n de energ\u00eda, el fortalecimiento de la red de transmisi\u00f3n en Quintana Roo, as\u00ed como 18 proyectos de inversi\u00f3n para las redes generales de distribuci\u00f3n, inform\u00f3 la empresa estatal.<\/p>\n<p>Durante la sesi\u00f3n extraordinaria del Consejo de Administraci\u00f3n de la compa\u00f1\u00eda el\u00e9ctrica del Estado Mexicano, la cual fue presidida por el subsecretario de Electricidad de la Secretar\u00eda de Energ\u00eda (Sener), Jos\u00e9 Antonio Rojas Nieto, fueron aprobados algunos proyectos estrat\u00e9gicos a desarrollarse en los pr\u00f3ximos a\u00f1os.<\/p>\n<p>En l\u00ednea con el Plan de Expansi\u00f3n de la Generaci\u00f3n 2025 &#8211; 2030, la empresa estatal se\u00f1al\u00f3 que esta estrategia incluir\u00e1 12 proyectos estrat\u00e9gicos de generaci\u00f3n, con 5 mil 840 megawatts de capacidad, que beneficiar\u00e1n directamente a Baja California Sur, Sonora, Sinaloa, Durango, Coahuila, Tamaulipas, Guanajuato, Jalisco e Hidalgo.<\/p>\n<p>No obstante, en la sesi\u00f3n del Consejo se autoriz\u00f3 comenzar la ejecuci\u00f3n de cinco de ellos.<\/p>\n<p>Cuatro son ciclos combinados, que funcionar\u00e1n con base en gas natural, con lo que CFE prev\u00e9 evitarla emisi\u00f3n de 8 millones de toneladas de di\u00f3xido de carbono, que equivalen a retirar 2 millones 645 mil autom\u00f3viles de circulaci\u00f3n.<\/p>\n<p>Detall\u00f3 que la Central Ciclo Combinado Salamanca II tendr\u00e1 una capacidad neta aproximada de 498 megawatts, la cual sustituir\u00e1 totalmente a la Termoel\u00e9ctrica de Salamanca. El monto de inversi\u00f3n del proyecto ser\u00e1 de 537 millones de d\u00f3lares.<\/p>\n<p>La Central Ciclo Combinado Francisco P\u00e9rez R\u00edos sustituir\u00e1 a la Central Termoel\u00e9ctrica Francisco P\u00e9rez R\u00edos, en Tula, Hidalgo. Tendr\u00e1 una capacidad neta aproximada de 912 megawatts y requiere una inversi\u00f3n de 827 millones de d\u00f3lares.<\/p>\n<p>La Central Ciclo Combinado Mazatl\u00e1n sustituir\u00e1 dos unidades de la Central Termoel\u00e9ctrica en Mazatl\u00e1n, tendr\u00e1 una capacidad aproximada de 575 megawatts y requiere una inversi\u00f3n de 529 millones de d\u00f3lares.<\/p>\n<p>Mientras que la Central Ciclo Combinado Altamira con una capacidad aproximada de 581 megawatts, requiere 424 millones\u00a0 d\u00f3lares de inversi\u00f3n, para sustituir dos unidades de la Central Termoel\u00e9ctrica Altamira.<\/p>\n<p>Se autoriz\u00f3 tambi\u00e9n el proyecto de la Central Combusti\u00f3n Interna Los Cabos, en Baja California Sur, que tambi\u00e9n funcionar\u00e1 con base en gas natural. Tendr\u00e1 una capacidad aproximada de 240 megawatts y una inversi\u00f3n de 272 millones de d\u00f3lares.<\/p>\n<p>Destac\u00f3 que debido a que Baja California Sur tiene un sistema el\u00e9ctrico aislado al del resto de M\u00e9xico,\u00a0 esta central garantizar\u00e1 su confiabilidad en \u00e9poca de verano.<\/p>\n<p>Apunt\u00f3 que todas estas centrales tendr\u00e1n una vida \u00fatil de 30 a\u00f1os. Pueden operar con di\u00e9sel en caso de emergencia, para proporcionar flexibilidad operativa y garantizar la confiabilidad y seguridad del Sistema El\u00e9ctrico Nacional (SEN).<\/p>\n<p>Resalt\u00f3 que el financiamiento vendr\u00e1 a trav\u00e9s de un fideicomiso privado, cr\u00e9ditos de agencias a la exportaci\u00f3n y bonos de largo plazo a 30 a\u00f1os, todos adquiridos a tasas competitivas.<\/p>\n<p>Por otra parte, como preparaci\u00f3n para el aumento de demanda durante el verano de 2025, se instalar\u00e1n bancos de capacitores en 7 subestaciones del norte de Quintana Roo, con una inversi\u00f3n de 194.39 millones de pesos.<\/p>\n<p>Adem\u00e1s, se trasladar\u00e1 un transformador trif\u00e1sico desde Saltillo, Coahuila, hasta Playa del Carmen, Quintana Roo. El traslado requiri\u00f3 una inversi\u00f3n de 49.37 millones de pesos.<\/p>\n<p>El Consejo aprob\u00f3 tambi\u00e9n la ejecuci\u00f3n de 18 proyectos de CFE Distribuci\u00f3n, que implican una inversi\u00f3n por 9 mil 681 millones de pesos para la reducci\u00f3n de p\u00e9rdidas t\u00e9cnicas, adquisici\u00f3n de acometidas y medidores, regularizaci\u00f3n de colonias populares, modernizaci\u00f3n de subestaciones de distribuci\u00f3n, operaci\u00f3n remota y automatismo en las redes de distribuci\u00f3n, equipamiento, reemplazo y modernizaci\u00f3n de veh\u00edculos, equipos de c\u00f3mputo y comunicaciones, adem\u00e1s de 137 proyectos del Programa de Desarrollo del Sistema El\u00e9ctrico Nacional (Prodesen), para ampliar, sustituir y construir nuevas subestaciones de distribuci\u00f3n.<\/p>\n","protected":false},"excerpt":{"rendered":"<p>La Comisi\u00f3n Federal de Electricidad (CFE) aprob\u00f3 cinco proyectos estrat\u00e9gicos de generaci\u00f3n de energ\u00eda, el fortalecimiento de la red de<\/p>\n","protected":false},"author":4,"featured_media":51620,"comment_status":"closed","ping_status":"closed","sticky":false,"template":"","format":"standard","meta":{"colormag_page_container_layout":"default_layout","colormag_page_sidebar_layout":"default_layout","_jetpack_memberships_contains_paid_content":false,"footnotes":"","jetpack_publicize_message":"","jetpack_publicize_feature_enabled":true,"jetpack_social_post_already_shared":true,"jetpack_social_options":{"image_generator_settings":{"template":"highway","default_image_id":0,"font":"","enabled":false},"version":2}},"categories":[1947],"tags":[],"class_list":["post-51619","post","type-post","status-publish","format-standard","has-post-thumbnail","hentry","category-economia"],"jetpack_publicize_connections":[],"jetpack_featured_media_url":"https:\/\/noticiasveracruz.com\/wp-content\/uploads\/2025\/03\/67c7590d8d422.jpeg","jetpack_sharing_enabled":true,"publishpress_future_action":{"enabled":false,"date":"2026-05-08 09:28:22","action":"change-status","newStatus":"draft","terms":[],"taxonomy":"category","extraData":[]},"publishpress_future_workflow_manual_trigger":{"enabledWorkflows":[]},"_links":{"self":[{"href":"https:\/\/noticiasveracruz.com\/index.php\/wp-json\/wp\/v2\/posts\/51619","targetHints":{"allow":["GET"]}}],"collection":[{"href":"https:\/\/noticiasveracruz.com\/index.php\/wp-json\/wp\/v2\/posts"}],"about":[{"href":"https:\/\/noticiasveracruz.com\/index.php\/wp-json\/wp\/v2\/types\/post"}],"author":[{"embeddable":true,"href":"https:\/\/noticiasveracruz.com\/index.php\/wp-json\/wp\/v2\/users\/4"}],"replies":[{"embeddable":true,"href":"https:\/\/noticiasveracruz.com\/index.php\/wp-json\/wp\/v2\/comments?post=51619"}],"version-history":[{"count":0,"href":"https:\/\/noticiasveracruz.com\/index.php\/wp-json\/wp\/v2\/posts\/51619\/revisions"}],"wp:featuredmedia":[{"embeddable":true,"href":"https:\/\/noticiasveracruz.com\/index.php\/wp-json\/wp\/v2\/media\/51620"}],"wp:attachment":[{"href":"https:\/\/noticiasveracruz.com\/index.php\/wp-json\/wp\/v2\/media?parent=51619"}],"wp:term":[{"taxonomy":"category","embeddable":true,"href":"https:\/\/noticiasveracruz.com\/index.php\/wp-json\/wp\/v2\/categories?post=51619"},{"taxonomy":"post_tag","embeddable":true,"href":"https:\/\/noticiasveracruz.com\/index.php\/wp-json\/wp\/v2\/tags?post=51619"}],"curies":[{"name":"wp","href":"https:\/\/api.w.org\/{rel}","templated":true}]}}