{"id":51613,"date":"2025-03-05T00:21:04","date_gmt":"2025-03-05T06:21:04","guid":{"rendered":"https:\/\/noticiasveracruz.com\/?p=51613"},"modified":"2025-03-05T00:21:04","modified_gmt":"2025-03-05T06:21:04","slug":"fundamental-respetar-cooperacion-y-respeto-a-acuerdos-cmic","status":"publish","type":"post","link":"https:\/\/noticiasveracruz.com\/index.php\/2025\/03\/05\/fundamental-respetar-cooperacion-y-respeto-a-acuerdos-cmic\/","title":{"rendered":"Fundamental respetar cooperaci\u00f3n y respeto a acuerdos: CMIC"},"content":{"rendered":"<p>La C\u00e1mara Mexicana de la Industria de la Construcci\u00f3n (CMIC) consider\u00f3 que, ante la imposici\u00f3n de aranceles por parte de Estados Unidos, es fundamental mantener el di\u00e1logo, la cooperaci\u00f3n y el respeto a los acuerdos internacionales.<\/p>\n<p>El organismo dirigido por Luis M\u00e9ndez Jaled indic\u00f3 que esta\u00a0 medida genera incertidumbre y podr\u00eda impactar negativamente a diversos sectores econ\u00f3micos de M\u00e9xico.<\/p>\n<p>\u201cExpresamos nuestra preocupaci\u00f3n ante la reciente decisi\u00f3n de Estados Unidos de imponer aranceles generales a las exportaciones mexicanas\u201d, se\u00f1al\u00f3.<\/p>\n<p>Destac\u00f3 que ambas naciones han construido una relaci\u00f3n comercial estrecha y complementaria, sustentada en el T-MEC, por lo que \u201ccualquier medida que altere este equilibrio debe ser revisada con base en los mecanismos de di\u00e1logo y soluci\u00f3n de controversias contemplados en el propio tratado\u201d.<\/p>\n<p>Subray\u00f3 que los aranceles no s\u00f3lo afectan a M\u00e9xico y Canad\u00e1, sino tambi\u00e9n a las empresas estadunidenses integradas en las cadenas de valor de la regi\u00f3n y\u00a0 sobre todo a los consumidores de Estado Unidos.<\/p>\n<p>La CMIC respald\u00f3 a la presidenta Claudia Sheinbaum Pardo, para impulsar una soluci\u00f3n que permita mitigar los efectos de esta decisi\u00f3n, protegiendo el desarrollo econ\u00f3mico, la inversi\u00f3n productiva y el empleo en el pa\u00eds.<\/p>\n","protected":false},"excerpt":{"rendered":"<p>La C\u00e1mara Mexicana de la Industria de la Construcci\u00f3n (CMIC) consider\u00f3 que, ante la imposici\u00f3n de aranceles por parte de<\/p>\n","protected":false},"author":4,"featured_media":51614,"comment_status":"closed","ping_status":"closed","sticky":false,"template":"","format":"standard","meta":{"colormag_page_container_layout":"default_layout","colormag_page_sidebar_layout":"default_layout","_jetpack_memberships_contains_paid_content":false,"footnotes":"","jetpack_publicize_message":"","jetpack_publicize_feature_enabled":true,"jetpack_social_post_already_shared":true,"jetpack_social_options":{"image_generator_settings":{"template":"highway","default_image_id":0,"font":"","enabled":false},"version":2}},"categories":[1947],"tags":[],"class_list":["post-51613","post","type-post","status-publish","format-standard","has-post-thumbnail","hentry","category-economia"],"jetpack_publicize_connections":[],"jetpack_featured_media_url":"https:\/\/noticiasveracruz.com\/wp-content\/uploads\/2025\/03\/CO.jpg","jetpack_sharing_enabled":true,"publishpress_future_action":{"enabled":false,"date":"2026-05-08 09:28:22","action":"change-status","newStatus":"draft","terms":[],"taxonomy":"category","extraData":[]},"publishpress_future_workflow_manual_trigger":{"enabledWorkflows":[]},"_links":{"self":[{"href":"https:\/\/noticiasveracruz.com\/index.php\/wp-json\/wp\/v2\/posts\/51613","targetHints":{"allow":["GET"]}}],"collection":[{"href":"https:\/\/noticiasveracruz.com\/index.php\/wp-json\/wp\/v2\/posts"}],"about":[{"href":"https:\/\/noticiasveracruz.com\/index.php\/wp-json\/wp\/v2\/types\/post"}],"author":[{"embeddable":true,"href":"https:\/\/noticiasveracruz.com\/index.php\/wp-json\/wp\/v2\/users\/4"}],"replies":[{"embeddable":true,"href":"https:\/\/noticiasveracruz.com\/index.php\/wp-json\/wp\/v2\/comments?post=51613"}],"version-history":[{"count":0,"href":"https:\/\/noticiasveracruz.com\/index.php\/wp-json\/wp\/v2\/posts\/51613\/revisions"}],"wp:featuredmedia":[{"embeddable":true,"href":"https:\/\/noticiasveracruz.com\/index.php\/wp-json\/wp\/v2\/media\/51614"}],"wp:attachment":[{"href":"https:\/\/noticiasveracruz.com\/index.php\/wp-json\/wp\/v2\/media?parent=51613"}],"wp:term":[{"taxonomy":"category","embeddable":true,"href":"https:\/\/noticiasveracruz.com\/index.php\/wp-json\/wp\/v2\/categories?post=51613"},{"taxonomy":"post_tag","embeddable":true,"href":"https:\/\/noticiasveracruz.com\/index.php\/wp-json\/wp\/v2\/tags?post=51613"}],"curies":[{"name":"wp","href":"https:\/\/api.w.org\/{rel}","templated":true}]}}