{"id":51607,"date":"2025-03-05T00:18:02","date_gmt":"2025-03-05T06:18:02","guid":{"rendered":"https:\/\/noticiasveracruz.com\/?p=51607"},"modified":"2025-03-05T00:18:02","modified_gmt":"2025-03-05T06:18:02","slug":"reitera-sheinbaum-invitacion-a-asamblea-del-domingo-en-el-zocalo","status":"publish","type":"post","link":"https:\/\/noticiasveracruz.com\/index.php\/2025\/03\/05\/reitera-sheinbaum-invitacion-a-asamblea-del-domingo-en-el-zocalo\/","title":{"rendered":"Reitera Sheinbaum invitaci\u00f3n a asamblea del domingo en el Z\u00f3calo"},"content":{"rendered":"<p class=\"nota-justify\">Esta noche, en la red social X, la presidenta Claudia Sheinbaum Pardo public\u00f3 un video desde su despacho en el que reiter\u00f3 la convocatoria a asistir el domingo al Z\u00f3calo a las 12 horas, donde anunciar\u00e1 las medidas que si gobierno tomar\u00e1 en respuesta a los aranceles impuestos por Donald Trump.<\/p>\n<p>\u201cEs el mejor lugar para tomar juntos decisiones e informar cu\u00e1les son las acciones que hemos decidido emprender. Siempre llamaremos al di\u00e1logo. Somos un pa\u00eds libre y soberano y siempre el pueblo de M\u00e9xico salimos, juntas y juntos, adelante\u00bb, dijo.<\/p>\n<p>La presidenta explic\u00f3 que los aranceles del 25 por ciento a las mercanc\u00edas mexicanas ordenados por Trump son una medida unilateral y dijo que fueron impuestos pese a que ambos gobiernos hab\u00edan alcanzado una serie de acuerdos.<\/p>\n<p>\u201cPor eso no entendemos y adem\u00e1s no creemos que sean necesarios estos aranceles\u201d, dijo la mandataria en el video de casi dos minutos de duraci\u00f3n.<\/p>\n<p>&nbsp;<\/p>\n","protected":false},"excerpt":{"rendered":"<p>Esta noche, en la red social X, la presidenta Claudia Sheinbaum Pardo public\u00f3 un video desde su despacho en el<\/p>\n","protected":false},"author":4,"featured_media":51608,"comment_status":"closed","ping_status":"closed","sticky":false,"template":"","format":"standard","meta":{"colormag_page_container_layout":"default_layout","colormag_page_sidebar_layout":"default_layout","_jetpack_memberships_contains_paid_content":false,"footnotes":"","jetpack_publicize_message":"","jetpack_publicize_feature_enabled":true,"jetpack_social_post_already_shared":true,"jetpack_social_options":{"image_generator_settings":{"template":"highway","default_image_id":0,"font":"","enabled":false},"version":2}},"categories":[4],"tags":[],"class_list":["post-51607","post","type-post","status-publish","format-standard","has-post-thumbnail","hentry","category-nacional"],"jetpack_publicize_connections":[],"jetpack_featured_media_url":"https:\/\/noticiasveracruz.com\/wp-content\/uploads\/2025\/03\/SFRF.jpg","jetpack_sharing_enabled":true,"publishpress_future_action":{"enabled":false,"date":"2026-05-08 11:12:47","action":"change-status","newStatus":"draft","terms":[],"taxonomy":"category","extraData":[]},"publishpress_future_workflow_manual_trigger":{"enabledWorkflows":[]},"_links":{"self":[{"href":"https:\/\/noticiasveracruz.com\/index.php\/wp-json\/wp\/v2\/posts\/51607","targetHints":{"allow":["GET"]}}],"collection":[{"href":"https:\/\/noticiasveracruz.com\/index.php\/wp-json\/wp\/v2\/posts"}],"about":[{"href":"https:\/\/noticiasveracruz.com\/index.php\/wp-json\/wp\/v2\/types\/post"}],"author":[{"embeddable":true,"href":"https:\/\/noticiasveracruz.com\/index.php\/wp-json\/wp\/v2\/users\/4"}],"replies":[{"embeddable":true,"href":"https:\/\/noticiasveracruz.com\/index.php\/wp-json\/wp\/v2\/comments?post=51607"}],"version-history":[{"count":0,"href":"https:\/\/noticiasveracruz.com\/index.php\/wp-json\/wp\/v2\/posts\/51607\/revisions"}],"wp:featuredmedia":[{"embeddable":true,"href":"https:\/\/noticiasveracruz.com\/index.php\/wp-json\/wp\/v2\/media\/51608"}],"wp:attachment":[{"href":"https:\/\/noticiasveracruz.com\/index.php\/wp-json\/wp\/v2\/media?parent=51607"}],"wp:term":[{"taxonomy":"category","embeddable":true,"href":"https:\/\/noticiasveracruz.com\/index.php\/wp-json\/wp\/v2\/categories?post=51607"},{"taxonomy":"post_tag","embeddable":true,"href":"https:\/\/noticiasveracruz.com\/index.php\/wp-json\/wp\/v2\/tags?post=51607"}],"curies":[{"name":"wp","href":"https:\/\/api.w.org\/{rel}","templated":true}]}}