{"id":5160,"date":"2022-06-10T06:44:33","date_gmt":"2022-06-10T11:44:33","guid":{"rendered":"https:\/\/noticiasveracruz.com\/?p=5160"},"modified":"2022-06-10T06:55:50","modified_gmt":"2022-06-10T11:55:50","slug":"mexico-y-eu-problemas-y-soluciones-comunes","status":"publish","type":"post","link":"https:\/\/noticiasveracruz.com\/index.php\/2022\/06\/10\/mexico-y-eu-problemas-y-soluciones-comunes\/","title":{"rendered":"M\u00e9xico y EU problemas y soluciones comunes"},"content":{"rendered":"<p>&nbsp;<\/p>\n<p class=\"p1\"><span style=\"font-size: 18pt;\"><b>Por \u00c1ngel \u00c1lvaro Pe\u00f1a<\/b><\/span><\/p>\n<p class=\"p1\"><span style=\"font-size: 14pt;\"><strong>Las diferencias entre partidos pol\u00edticos de Estados Unidos se desbordan y traspasan las fronteras de su territorio<\/strong>. El senador Republicano, <strong>Ted Cruz<\/strong>, quien acusara al Presidente de M\u00e9xico de <strong>\u201chaber entregado partes del territorio mexicano a c\u00e1rteles del narcotr\u00e1fico\u201d<\/strong>, y <strong>Ken Salazar<\/strong>, quien a manera de respuesta reconoci\u00f3 que hay \u201cpol\u00edticas diferentes\u201d entre los dos gobiernos, pero se dijo optimista del futuro que le depara a la relaci\u00f3n entre ambas naciones.<\/span><\/p>\n<blockquote>\n<p class=\"p1\"><span style=\"font-size: 14pt;\">Estamos trabajando bajo el Entendimiento Bicentenario, por primera vez Estados Unidos y M\u00e9xico ven qu\u00e9 se puede hacer para que el pueblo pueda vivir sin miedo en EU y en M\u00e9xico. Conocemos que las armas que se manufacturan en EU est\u00e1n haciendo mucha violencia en M\u00e9xico, entonces es problem\u00e1tica de las dos naciones y tambi\u00e9n una soluci\u00f3n de las dos naciones, por eso bajo el entendimiento que tenemos de la seguridad en el tr\u00e1fico de personas, en las drogas y fentanilo, en lo de las armas, en lavado de dinero, en todo eso estamos trabajando muy bien con M\u00e9xico\u201d, afirm\u00f3 el embajador estadounidense.<\/span><\/p>\n<\/blockquote>\n<p class=\"p1\"><span style=\"font-size: 14pt;\">La visi\u00f3n de cada uno es muy diferente y no s\u00f3lo porque pertenezcan a partidos pol\u00edticos diferentes sino porque la percepci\u00f3n del senador es s\u00f3lo un comentario sobre un supuesto y la declaraci\u00f3n del embajador es la exposici\u00f3n de un trabajo conjunto.<\/span><\/p>\n<p class=\"p1\"><span style=\"font-size: 18pt;\"><strong>La diferencia entre un rumor y la narrativa de tareas en com\u00fan es muy grande. Los diferentes pa\u00edses donde Ted creci\u00f3 le alejaron de su identidad, con padre cubano, abuelo espa\u00f1ol, y madre estadounidense, de religi\u00f3n bautista, es la ant\u00edtesis del embajador, que practica la religi\u00f3n cat\u00f3lica, ha escrito libros y estudiado varias carreras. Pero m\u00e1s all\u00e1 de esa comparaci\u00f3n est\u00e1n los intereses de un grupo de pol\u00edticos estadounidenses quienes tomaron la realizaci\u00f3n de la IX Cumbre de las Am\u00e9ricas como propia e interpretaron la ausencia del presidente mexicano como un agravio personal.<\/strong><\/span><\/p>\n<p class=\"p1\"><span style=\"font-size: 14pt;\">El embajador comenta que se trabaja con seriedad en la colaboraci\u00f3n que tiene el gobierno estadounidense con el mexicano en el combate al crimen organizado y, al mismo tiempo, reconoci\u00f3 que las armas provenientes de su pa\u00eds han causado violencia del otro lado de la frontera sur.<\/span><\/p>\n<p>&nbsp;<\/p>\n<p><img loading=\"lazy\" decoding=\"async\" class=\"aligncenter wp-image-6428 size-large\" src=\"https:\/\/politicosaldesnudo.com.mx\/wp-content\/uploads\/2022\/06\/P-TEDCRUZ-1024x573.png\" alt=\"\" width=\"800\" height=\"448\" \/><\/p>\n<p>&nbsp;<\/p>\n<p class=\"p1\"><span style=\"font-size: 18pt;\"><strong>Por su parte, Ted Cruz celebr\u00f3 que no acudiera a este encuentro: \u201cMe alegra ver que el Presidente mexicano, que ha entregado secciones de su pa\u00eds a los c\u00e1rteles de droga y es un apologista de la tiran\u00eda en Cuba, un dictador asesino en Nicaragua y de un narcotraficante en Venezuela, no estar\u00e1 en Estados Unidos esta semana\u201d.<\/strong><\/span><\/p>\n<p class=\"p1\"><span style=\"font-size: 14pt;\">La percepci\u00f3n del senador se ve rebasada por su consigna e intereses, pareciera no darse cuenta que el vecino del sur, M\u00e9xico, es el principal socio comercial y que tienen problemas comunes que s\u00f3lo pueden tener soluciones comunes. No hay problema ajeno o lejano, cuando se comparten m\u00e1s de 3 mil kil\u00f3metros, pero hay quienes ven en las fronteras la divisi\u00f3n y quienes toman las fronteras como puente para estrechar lazos y arreglar conflictos.<\/span><\/p>\n<p class=\"p1\"><span style=\"font-size: 18pt;\"><strong>La Cumbre de las Am\u00e9ricas ha sido s\u00f3lo un pretexto para ampliar el campo de batalla entre dem\u00f3cratas, en el poder, y los republicanos, en la oposici\u00f3n, ante la proximidad de las elecciones. Todo lo que haya sucedido en la Cumbre es un factor de pelito para las campa\u00f1as anticipadas y herramienta para atacar al enemigo, de tal suerte que dicho enfrentamiento carece de validez, aunque en nuestro pa\u00eds haya quienes quieren sudar calenturas ajenas y consideran ese pleito como algo trascendente en la relaci\u00f3n entre M\u00e9xico y Estados Unidos.<\/strong><\/span><\/p>\n<p>&nbsp;<\/p>\n<p><img loading=\"lazy\" decoding=\"async\" class=\"aligncenter wp-image-6426\" src=\"https:\/\/politicosaldesnudo.com.mx\/wp-content\/uploads\/2022\/06\/1000-4-300x200.jpeg\" alt=\"\" width=\"800\" height=\"534\" \/><\/p>\n<p>&nbsp;<\/p>\n<p class=\"p1\"><span style=\"font-size: 14pt;\">Cuando se insiste en que la pol\u00edtica es algo entre buenos y malos, o de blanco y negro, la esencia de su pr\u00e1ctica no se ha entendido.<\/span><\/p>\n<p class=\"p1\"><span style=\"font-size: 18pt;\"><strong>Un ejemplo de buenas relaciones es la pr\u00f3xima visita de John Kerry a M\u00e9xico, el enviado de la Casa Blanca para asuntos clim\u00e1ticos visit\u00f3 nuestro pa\u00eds el 31 de marzo, es decir, hace menos de dos meses y medio y seguir\u00e1 llegando a M\u00e9xico a conversar con el Presidente de M\u00e9xico mostrando no s\u00f3lo trabajo sino excelentes relaciones que algunos colocan al borde del colapso.<\/strong><\/span><\/p>\n<p class=\"p1\"><span style=\"font-size: 14pt;\">Incluso, no falta el que est\u00e1 acostumbrado a deslumbrarse con lo que sucede en Estados Unidos y culpa de mal comportamiento a sus propios gobernantes ante la habitual sumisi\u00f3n a los designios del vecino del norte.<\/span><\/p>\n<p class=\"p1\"><span style=\"font-size: 18pt;\"><strong>Existen casos en los que algunos mexicanos toman m\u00e1s en serio el pleito entre Ted Cruz y Ken Salazar, que el propio embajador, quien podr\u00eda ocuparse en afinar diplom\u00e1ticamente las diferencias, si los dichos de los opositores fueran trascendentes sobre todo cuando desbordan sus fronteras; sin embargo, Ted Salazar, no le da importancia a la perorata de Ted Cruz y lo coloca en el lugar de los observadores de la pol\u00edtica de su pa\u00eds, no como un actor sino como alguien que simplemente critica.<\/strong><\/span><\/p>\n<p class=\"p1\"><span style=\"font-size: 14pt;\">Es com\u00fan ver que la oposici\u00f3n pol\u00edtica en Estados Unidos y en M\u00e9xico adoptan conductas similares, sobre todo en cuanto a la indiferencia sobre el trabajo y la pasi\u00f3n por la cr\u00edtica. Y esto lo advierte el representante en M\u00e9xico de Joe Biden y le otorga la dimensi\u00f3n que merece, son simples declaraciones, frente a un arduo trabajo, en el que la oposici\u00f3n no contribuye, s\u00f3lo cuestiona de un lado y de otro de la frontera.<\/span><\/p>\n<p class=\"p1\"><span style=\"font-size: 14pt;\">Las observaciones de quienes no trabajan son s\u00f3lo eso palabras que sabotean las tareas que ellos no son capaces de realizar.<\/span><\/p>\n<p class=\"p1\"><span style=\"font-size: 14pt;\">La pol\u00edtica es participaci\u00f3n o no es pol\u00edtica y si se participa en ella como si se viera la realidad a trav\u00e9s de un televisor, poco deben tomarse en cuenta las declaraciones que desde la comodidad de la curul se hacen sobre un trabajo serio y constante.<\/span><\/p>\n<p class=\"p1\"><span style=\"font-size: 18pt;\"><strong>M\u00e9xico no es un vecino menor ni un amigo de ocasi\u00f3n, sino un pa\u00eds que tiene la misma importancia que Estados Unidos y cualquier naci\u00f3n del mundo. Porque cuando los pol\u00edticos radicales del vecino pa\u00eds consideran que pueden jalar las orejas a M\u00e9xico encuentran ahora que quienes debe corregir sus errores son ellos.<\/strong><\/span><\/p>\n<p>&nbsp;<\/p>\n<p class=\"p1\"><span style=\"font-size: 18pt;\"><strong>PEGA Y CORRE<\/strong><\/span><\/p>\n<p class=\"p1\"><span style=\"font-size: 14pt;\">La Universidad Nacional Aut\u00f3noma de M\u00e9xico fue considerada la segunda mejor en Am\u00e9rica Latina, s\u00f3lo por detr\u00e1s de la Universidad de Buenos Aires, en Argentina; y la mejor en M\u00e9xico, seg\u00fan el ranking mundial de las universidades Quacquarelli Symonds\u2026<\/span><\/p>\n<p>&nbsp;<\/p>\n<p class=\"p1\"><span style=\"font-size: 18pt;\"><strong>Esta columna se publica los lunes, mi\u00e9rcoles y viernes<\/strong><\/span><\/p>\n<p>&nbsp;<\/p>\n<p>&nbsp;<\/p>\n<p>&nbsp;<\/p>\n<p>&nbsp;<\/p>\n","protected":false},"excerpt":{"rendered":"<p>&nbsp; Por \u00c1ngel \u00c1lvaro Pe\u00f1a Las diferencias entre partidos pol\u00edticos de Estados Unidos se desbordan y traspasan las fronteras de<\/p>\n","protected":false},"author":4,"featured_media":3187,"comment_status":"closed","ping_status":"closed","sticky":false,"template":"","format":"standard","meta":{"colormag_page_container_layout":"default_layout","colormag_page_sidebar_layout":"default_layout","_jetpack_memberships_contains_paid_content":false,"footnotes":"","jetpack_publicize_message":"","jetpack_publicize_feature_enabled":true,"jetpack_social_post_already_shared":false,"jetpack_social_options":{"image_generator_settings":{"template":"highway","default_image_id":0,"font":"","enabled":false},"version":2}},"categories":[6],"tags":[65,560,92,19,31],"class_list":["post-5160","post","type-post","status-publish","format-standard","has-post-thumbnail","hentry","category-columnistas","tag-andres-manuel-lopez-obrador","tag-cumbre-de-las-americas","tag-estados-unidos","tag-joe-biden","tag-mexico"],"jetpack_publicize_connections":[],"jetpack_featured_media_url":"https:\/\/noticiasveracruz.com\/wp-content\/uploads\/2022\/04\/A\u0301NGEL-A\u0301LVARO-PEN\u0303A.png","jetpack_sharing_enabled":true,"publishpress_future_action":{"enabled":false,"date":"2026-05-02 04:04:33","action":"change-status","newStatus":"draft","terms":[],"taxonomy":"category","extraData":[]},"publishpress_future_workflow_manual_trigger":{"enabledWorkflows":[]},"_links":{"self":[{"href":"https:\/\/noticiasveracruz.com\/index.php\/wp-json\/wp\/v2\/posts\/5160","targetHints":{"allow":["GET"]}}],"collection":[{"href":"https:\/\/noticiasveracruz.com\/index.php\/wp-json\/wp\/v2\/posts"}],"about":[{"href":"https:\/\/noticiasveracruz.com\/index.php\/wp-json\/wp\/v2\/types\/post"}],"author":[{"embeddable":true,"href":"https:\/\/noticiasveracruz.com\/index.php\/wp-json\/wp\/v2\/users\/4"}],"replies":[{"embeddable":true,"href":"https:\/\/noticiasveracruz.com\/index.php\/wp-json\/wp\/v2\/comments?post=5160"}],"version-history":[{"count":0,"href":"https:\/\/noticiasveracruz.com\/index.php\/wp-json\/wp\/v2\/posts\/5160\/revisions"}],"wp:featuredmedia":[{"embeddable":true,"href":"https:\/\/noticiasveracruz.com\/index.php\/wp-json\/wp\/v2\/media\/3187"}],"wp:attachment":[{"href":"https:\/\/noticiasveracruz.com\/index.php\/wp-json\/wp\/v2\/media?parent=5160"}],"wp:term":[{"taxonomy":"category","embeddable":true,"href":"https:\/\/noticiasveracruz.com\/index.php\/wp-json\/wp\/v2\/categories?post=5160"},{"taxonomy":"post_tag","embeddable":true,"href":"https:\/\/noticiasveracruz.com\/index.php\/wp-json\/wp\/v2\/tags?post=5160"}],"curies":[{"name":"wp","href":"https:\/\/api.w.org\/{rel}","templated":true}]}}