{"id":51588,"date":"2025-03-05T00:00:51","date_gmt":"2025-03-05T06:00:51","guid":{"rendered":"https:\/\/noticiasveracruz.com\/?p=51588"},"modified":"2025-03-05T00:00:51","modified_gmt":"2025-03-05T06:00:51","slug":"personas-liberadas-tras-cateo-en-veracruz","status":"publish","type":"post","link":"https:\/\/noticiasveracruz.com\/index.php\/2025\/03\/05\/personas-liberadas-tras-cateo-en-veracruz\/","title":{"rendered":"Personas liberadas, tras cateo en Veracruz"},"content":{"rendered":"<p>La gobernadora, Roc\u00edo Nahle Garc\u00eda, afirm\u00f3 que su administraci\u00f3n mantiene una estrategia de cero tolerancia contra la delincuencia, en c<span id=\"_GoBack\"><\/span>oordinaci\u00f3n con fuerzas federales y estatales.<\/p>\n<p>En entrevista con XEU Noticias, destac\u00f3 que los operativos de seguridad han permitido reducir los \u00edndices delictivos en la entidad.<\/p>\n<p>\u201cNuestra estrategia de seguridad es clara: no hay acuerdos con nadie, hay cero tolerancia. Todos los d\u00edas trabajamos en conjunto con la Guardia Nacional, la Marina, el Ej\u00e9rcito, la Fiscal\u00eda General de la Rep\u00fablica, la Fiscal\u00eda del Estado y la Secretar\u00eda de Seguridad P\u00fablica para tomar decisiones y actuar de inmediato\u201d.<\/p>\n<p>Confirm\u00f3 que durante la madrugada se llev\u00f3 a cabo un cateo en el fraccionamiento Reforma, en el puerto de Veracruz, en el que participaron las fiscal\u00edas General de la Rep\u00fablica y General del Estado.<\/p>\n<p>Adelant\u00f3 que m\u00e1s tarde se emitir\u00eda un informe oficial, pero adelant\u00f3 que hubo personas liberadas como resultado del operativo.<\/p>\n<p>Sobre los asaltos a gasolineras en la zona conurbada Veracruz-Boca del R\u00edo, hizo un llamado a la ciudadan\u00eda a denunciar cualquier delito para que las autoridades puedan actuar de manera inmediata<\/p>\n<p>Respecto a los recientes hechos ocurridos en Coatzacoalcos, donde un taller mec\u00e1nico fue atacado, inform\u00f3 que la Fiscal\u00eda General del Estado ya cuenta con indicios sobre los responsables, aunque evit\u00f3 dar detalles para no entorpecer el debido proceso.<\/p>\n","protected":false},"excerpt":{"rendered":"<p>La gobernadora, Roc\u00edo Nahle Garc\u00eda, afirm\u00f3 que su administraci\u00f3n mantiene una estrategia de cero tolerancia contra la delincuencia, en coordinaci\u00f3n<\/p>\n","protected":false},"author":4,"featured_media":51589,"comment_status":"closed","ping_status":"closed","sticky":false,"template":"","format":"standard","meta":{"colormag_page_container_layout":"default_layout","colormag_page_sidebar_layout":"default_layout","_jetpack_memberships_contains_paid_content":false,"footnotes":"","jetpack_publicize_message":"","jetpack_publicize_feature_enabled":true,"jetpack_social_post_already_shared":true,"jetpack_social_options":{"image_generator_settings":{"template":"highway","default_image_id":0,"font":"","enabled":false},"version":2}},"categories":[356],"tags":[],"class_list":["post-51588","post","type-post","status-publish","format-standard","has-post-thumbnail","hentry","category-veracruz"],"jetpack_publicize_connections":[],"jetpack_featured_media_url":"https:\/\/noticiasveracruz.com\/wp-content\/uploads\/2025\/03\/8b.jpg","jetpack_sharing_enabled":true,"publishpress_future_action":{"enabled":false,"date":"2026-05-10 07:34:22","action":"change-status","newStatus":"draft","terms":[],"taxonomy":"category","extraData":[]},"publishpress_future_workflow_manual_trigger":{"enabledWorkflows":[]},"_links":{"self":[{"href":"https:\/\/noticiasveracruz.com\/index.php\/wp-json\/wp\/v2\/posts\/51588","targetHints":{"allow":["GET"]}}],"collection":[{"href":"https:\/\/noticiasveracruz.com\/index.php\/wp-json\/wp\/v2\/posts"}],"about":[{"href":"https:\/\/noticiasveracruz.com\/index.php\/wp-json\/wp\/v2\/types\/post"}],"author":[{"embeddable":true,"href":"https:\/\/noticiasveracruz.com\/index.php\/wp-json\/wp\/v2\/users\/4"}],"replies":[{"embeddable":true,"href":"https:\/\/noticiasveracruz.com\/index.php\/wp-json\/wp\/v2\/comments?post=51588"}],"version-history":[{"count":0,"href":"https:\/\/noticiasveracruz.com\/index.php\/wp-json\/wp\/v2\/posts\/51588\/revisions"}],"wp:featuredmedia":[{"embeddable":true,"href":"https:\/\/noticiasveracruz.com\/index.php\/wp-json\/wp\/v2\/media\/51589"}],"wp:attachment":[{"href":"https:\/\/noticiasveracruz.com\/index.php\/wp-json\/wp\/v2\/media?parent=51588"}],"wp:term":[{"taxonomy":"category","embeddable":true,"href":"https:\/\/noticiasveracruz.com\/index.php\/wp-json\/wp\/v2\/categories?post=51588"},{"taxonomy":"post_tag","embeddable":true,"href":"https:\/\/noticiasveracruz.com\/index.php\/wp-json\/wp\/v2\/tags?post=51588"}],"curies":[{"name":"wp","href":"https:\/\/api.w.org\/{rel}","templated":true}]}}