{"id":51400,"date":"2025-03-01T00:16:08","date_gmt":"2025-03-01T06:16:08","guid":{"rendered":"https:\/\/noticiasveracruz.com\/?p=51400"},"modified":"2025-02-28T21:34:59","modified_gmt":"2025-03-01T03:34:59","slug":"marchan-maestros-en-sonora-morelos-y-chiapas-contra-la-reforma-a-ley-del-issste","status":"publish","type":"post","link":"https:\/\/noticiasveracruz.com\/index.php\/2025\/03\/01\/marchan-maestros-en-sonora-morelos-y-chiapas-contra-la-reforma-a-ley-del-issste\/","title":{"rendered":"Marchan maestros en Sonora, Morelos y Chiapas contra la reforma a Ley del Issste"},"content":{"rendered":"<p class=\"nota-justify\">Unos 7 mil docentes de la base magisterial en Sonora\u00a0<i>tomaron<\/i>\u00a0el bulevar Rosales, la v\u00eda m\u00e1s transitada de Hermosillo, para protestar en contra de la iniciativa de la Ley del Instituto de Seguridad y Servicios Sociales de los Trabajadores del Estado (Issste) con destino al Congreso local para exigir a los legisladores su intervenci\u00f3n para revocar la propuesta de descuentos al salario de las y los maestros federales.<\/p>\n<p class=\"nota-justify\">En punto de las 8:00 horas de este viernes, las y los maestros de diferentes municipios de Sonora se congregaron en la plaza Emiliana de Zubeldia para tomar por completo el bulevar Rosales, hasta el Centro Hist\u00f3rico, pasar por el Palacio de Gobierno de Sonora y, finalmente, protestar en\u00e9rgicamente en las afueras del Congreso de Sonora.<\/p>\n<p class=\"nota-justify\">Con la lona \u201cSonora en contra de la Ley del Issste, abrogaci\u00f3n a la 2007\u201d al frente, los docentes acompa\u00f1ados de sus familias vestidos de rojinegro marcharon al grito de \u201cse va a caer, la reforma al Issste se va a caer\u201d; \u201cno somos uno, no somos cien, cuenta vendida, cu\u00e9ntanos bien\u201d; ni\u00f1as y ni\u00f1os con cartulinas que expresaban frases como: \u201cSi mi padre su vida entrega a la educaci\u00f3n, merece por lo menos una digna pensi\u00f3n\u201d.<\/p>\n<p class=\"nota-justify\"><strong>Protestan docentes en Cuernavaca, Morelos<\/strong><\/p>\n<p class=\"nota-justify\">Alrededor de 12 mil maestros de Morelos protestaron en la capital del estado en rechazo a la iniciativa de reforma a la Ley del Issste 2025, porque aseguraron que esta, igual que la aprobada en 2007, viola sus derechos laborales de los docentes y trabajadores del estado.<\/p>\n<p class=\"nota-justify\">En esta entidad fueron dos contingentes y dos acciones realizadas en contra de esta iniciativa de ley 2025, y ambos se pronunciaron tambi\u00e9n porque el Congreso de la Uni\u00f3n derogue la reforma de 2007.<\/p>\n<p class=\"nota-justify\">En la primera movilizaci\u00f3n participaron unos 6 mil profesores que se concentraron desde las 8 de la ma\u00f1ana en la explanada ubicada enfrente del palacio estatal, encabezados por Yosmin Castillo Castrej\u00f3n, delegado de la secci\u00f3n 19 del Sindicato Nacional de Trabajadores de Educaci\u00f3n (SNTE).<\/p>\n<p class=\"nota-justify\">El otro contingente, tambi\u00e9n de unos 6 mil docentes, salieron en marcha de la delegaci\u00f3n del Issste (ubicada al sur del centro de la ciudad), alrededor de las 9 de la ma\u00f1ana, en marcha rumbo al z\u00f3calo de la ciudad capital, y bloquearon por una hora y media la avenida Galeana, ubicada atr\u00e1s del palacio estatal, encabezados por el dirigente del Movimiento Magisterial de Bases (MMB), Alejandro Trujillo Gonz\u00e1lez.<\/p>\n<p class=\"nota-justify\">En el z\u00f3calo, los contingentes permanecieron unos frente al palacio en espera de audiencia con autoridades estatales (los convocados por delegados de la secci\u00f3n 19 del SNTE), mientras los del MMB cerraron desde las 10 de la ma\u00f1ana la calle Galeana y realizaron un mitin en el \u00e1rea de las letras de Cuernavaca, ubicadas estas en el z\u00f3calo de la ciudad.<\/p>\n<p class=\"nota-justify\">Las demandas de ambos contingentes son las mismas: \u201cla restituci\u00f3n de nuestros derechos a una pensi\u00f3n digna, como la ten\u00edamos en el Issste de 1983, en donde no exist\u00eda el d\u00e9cimo transitorio, eso fue con la reforma de 2007, en donde plenamente fueron afectados nuestros derechos de jubilaci\u00f3n\u201d.<\/p>\n<p class=\"nota-justify\">\u201cRechazamos totalmente esta iniciativa de reforma de ley del Issste (2025), porque le faltan puntos esenciales, le falta que mencione, de manera muy puntual: que se cancela el d\u00e9cimo transitorio, que requerimos que se regrese a la jubilaci\u00f3n solidaria, en donde la jubilaci\u00f3n s\u00f3lo tenga un requisito, que es el tiempo de servicio, 28 a\u00f1os para las compa\u00f1eras y 30 a\u00f1os para los compa\u00f1eros\u201d, dijo en el mitin pol\u00edtico el dirigente del MMB, Alejandro Trujillo Gonz\u00e1lez.<\/p>\n<p class=\"nota-justify\">Mencion\u00f3 que la nueva reforma deber\u00eda de \u201ccancelar las cuentas individuales, que se cancelen las afores, que de igual manera las pensiones sean tasadas en salarios m\u00ednimos, y no en UMAS, eso es lo que le falta a esta iniciativa de ley\u201d.<\/p>\n<p class=\"nota-justify\">Esas propuestas, seg\u00fan Trujillo, dirigente de la CNTE en Morelos, fue una promesa que hizo el ex presidente Andr\u00e9s Manuel L\u00f3pez Obrador, y que incluso estas modificaciones las prometi\u00f3 en campa\u00f1a la actual presidenta del pa\u00eds Claudia Sheinbaum, \u201cy hoy, simplemente sostenemos, qu\u00e9 tenemos que hacer que se cumpla lo que en campa\u00f1a prometieron, y no nos vamos echar atr\u00e1s, esta fue la primera manifestaci\u00f3n, pero vendr\u00e1n muchas m\u00e1s, hasta que logremos nuestro objetivo plenamente\u201d, recalc\u00f3 el dirigente magisterial.<\/p>\n<p class=\"nota-justify\">Yosmin Castillo, por su parte, afirm\u00f3 que no est\u00e1n de acuerdo con \u00abincrementar las cuotas con base en el salario integrado a quienes ganamos m\u00e1s de 10 UMAS; en su discurso la presidenta (Sheinbaum) prometi\u00f3 que se retirar\u00e1; pero queremos ver que eso no vaya en la iniciativa estaremos contentos de inicio\u201d, puntualiz\u00f3 el docente.<\/p>\n<p class=\"nota-justify\">Otra inconformidad que mencion\u00f3 Yosmin es que en esta iniciativa de reforma les quieren cobrar \u201cen salario integrado, pero cuando nos jubilamos nos quieren seguir pagando en UMAS, la UMA est\u00e1 en 113.14 y el salario m\u00ednimo est\u00e1 en 278 pesos, entonces tenemos una afectaci\u00f3n en nuestra pensi\u00f3n y arriba de 50 por ciento\u201d, recalc\u00f3.<\/p>\n<p class=\"nota-justify\">Explic\u00f3 que la reforma de 2007 afect\u00f3 a todos los docentes que han ingresado a trabajar despu\u00e9s de ese a\u00f1o, y por eso \u00abqueremos que se derogue, y queremos una que se beneficie a los maestros y todos los trabajadores del estado\u201d.<\/p>\n<p class=\"nota-justify\">Las y los docentes le pidieron a la presidenta Sheinbaum: \u201cque cumpla con su palabra de corregir, y si se puede corrija desde la nefasta ley del Issste de 2007\u201d.<\/p>\n<p class=\"nota-justify\">Las y los docentes que protestaron demandaron al gobierno del estado que encabeza Margarita Gonz\u00e1lez, respetar su derecho a la manifestaci\u00f3n porque aseguraron que los amenazaron con descontar sus salarios de este viernes.<\/p>\n","protected":false},"excerpt":{"rendered":"<p>Unos 7 mil docentes de la base magisterial en Sonora\u00a0tomaron\u00a0el bulevar Rosales, la v\u00eda m\u00e1s transitada de Hermosillo, para protestar<\/p>\n","protected":false},"author":4,"featured_media":51401,"comment_status":"closed","ping_status":"closed","sticky":false,"template":"","format":"standard","meta":{"colormag_page_container_layout":"default_layout","colormag_page_sidebar_layout":"default_layout","_jetpack_memberships_contains_paid_content":false,"footnotes":"","jetpack_publicize_message":"","jetpack_publicize_feature_enabled":true,"jetpack_social_post_already_shared":true,"jetpack_social_options":{"image_generator_settings":{"template":"highway","default_image_id":0,"font":"","enabled":false},"version":2}},"categories":[145],"tags":[],"class_list":["post-51400","post","type-post","status-publish","format-standard","has-post-thumbnail","hentry","category-estados"],"jetpack_publicize_connections":[],"jetpack_featured_media_url":"https:\/\/noticiasveracruz.com\/wp-content\/uploads\/2025\/02\/MA-2.jpg","jetpack_sharing_enabled":true,"publishpress_future_action":{"enabled":false,"date":"2026-05-08 09:17:33","action":"change-status","newStatus":"draft","terms":[],"taxonomy":"category","extraData":[]},"publishpress_future_workflow_manual_trigger":{"enabledWorkflows":[]},"_links":{"self":[{"href":"https:\/\/noticiasveracruz.com\/index.php\/wp-json\/wp\/v2\/posts\/51400","targetHints":{"allow":["GET"]}}],"collection":[{"href":"https:\/\/noticiasveracruz.com\/index.php\/wp-json\/wp\/v2\/posts"}],"about":[{"href":"https:\/\/noticiasveracruz.com\/index.php\/wp-json\/wp\/v2\/types\/post"}],"author":[{"embeddable":true,"href":"https:\/\/noticiasveracruz.com\/index.php\/wp-json\/wp\/v2\/users\/4"}],"replies":[{"embeddable":true,"href":"https:\/\/noticiasveracruz.com\/index.php\/wp-json\/wp\/v2\/comments?post=51400"}],"version-history":[{"count":0,"href":"https:\/\/noticiasveracruz.com\/index.php\/wp-json\/wp\/v2\/posts\/51400\/revisions"}],"wp:featuredmedia":[{"embeddable":true,"href":"https:\/\/noticiasveracruz.com\/index.php\/wp-json\/wp\/v2\/media\/51401"}],"wp:attachment":[{"href":"https:\/\/noticiasveracruz.com\/index.php\/wp-json\/wp\/v2\/media?parent=51400"}],"wp:term":[{"taxonomy":"category","embeddable":true,"href":"https:\/\/noticiasveracruz.com\/index.php\/wp-json\/wp\/v2\/categories?post=51400"},{"taxonomy":"post_tag","embeddable":true,"href":"https:\/\/noticiasveracruz.com\/index.php\/wp-json\/wp\/v2\/tags?post=51400"}],"curies":[{"name":"wp","href":"https:\/\/api.w.org\/{rel}","templated":true}]}}