{"id":51397,"date":"2025-03-01T00:15:29","date_gmt":"2025-03-01T06:15:29","guid":{"rendered":"https:\/\/noticiasveracruz.com\/?p=51397"},"modified":"2025-02-28T21:33:12","modified_gmt":"2025-03-01T03:33:12","slug":"suspenden-construccion-de-granja-avicola-en-actopan-veracruz","status":"publish","type":"post","link":"https:\/\/noticiasveracruz.com\/index.php\/2025\/03\/01\/suspenden-construccion-de-granja-avicola-en-actopan-veracruz\/","title":{"rendered":"Suspenden construcci\u00f3n de granja av\u00edcola en  Actopan, Veracruz"},"content":{"rendered":"<p class=\"nota-justify\">La construcci\u00f3n de una granja av\u00edcola proyectada para la zona de La Mancha, en el municipio de Actopan, Veracruz, fue suspendida temporalmente inform\u00f3 la alcaldesa Mar\u00eda Esther L\u00f3pez Callejas.<\/p>\n<p class=\"nota-justify\">Dicha suspensi\u00f3n estar\u00e1 vigente hasta que el Gobierno del Estado de Veracruz realice las revisiones correspondientes a los posibles da\u00f1os ambientales que podr\u00eda traer.<\/p>\n<p class=\"nota-justify\">Los habitantes de la zona han expresado su pleno rechazo al proyecto pues temen que impacte de manera negativa a la laguna de La Mancha, adem\u00e1s de la flora y fauna de la zona.<\/p>\n<p class=\"nota-justify\">Ante dicha situaci\u00f3n, autoridades municipales mantuvieron una reuni\u00f3n con las personas que viven en la regi\u00f3n, donde se lleg\u00f3 al acuerdo de la suspensi\u00f3n temporal.<\/p>\n<p class=\"nota-justify\">\u201cAhorita se para hasta que Gobierno del Estado revise nuevamente, eso venimos a platicar con la comunidad, se tiene que detener la construcci\u00f3n\u201d, coment\u00f3 la alcaldesa.<\/p>\n<p class=\"nota-justify\">Cabe recordar que el proyecto contempla la edificaci\u00f3n de 11 naves de producci\u00f3n av\u00edcola, lo cual temen los habitantes impacte en los cuerpos de agua de la zona.<\/p>\n","protected":false},"excerpt":{"rendered":"<p>La construcci\u00f3n de una granja av\u00edcola proyectada para la zona de La Mancha, en el municipio de Actopan, Veracruz, fue<\/p>\n","protected":false},"author":4,"featured_media":51398,"comment_status":"closed","ping_status":"closed","sticky":false,"template":"","format":"standard","meta":{"colormag_page_container_layout":"default_layout","colormag_page_sidebar_layout":"default_layout","_jetpack_memberships_contains_paid_content":false,"footnotes":"","jetpack_publicize_message":"","jetpack_publicize_feature_enabled":true,"jetpack_social_post_already_shared":true,"jetpack_social_options":{"image_generator_settings":{"template":"highway","default_image_id":0,"font":"","enabled":false},"version":2}},"categories":[145],"tags":[],"class_list":["post-51397","post","type-post","status-publish","format-standard","has-post-thumbnail","hentry","category-estados"],"jetpack_publicize_connections":[],"jetpack_featured_media_url":"https:\/\/noticiasveracruz.com\/wp-content\/uploads\/2025\/02\/639618_ex.jpg","jetpack_sharing_enabled":true,"publishpress_future_action":{"enabled":false,"date":"2026-05-08 10:03:06","action":"change-status","newStatus":"draft","terms":[],"taxonomy":"category","extraData":[]},"publishpress_future_workflow_manual_trigger":{"enabledWorkflows":[]},"_links":{"self":[{"href":"https:\/\/noticiasveracruz.com\/index.php\/wp-json\/wp\/v2\/posts\/51397","targetHints":{"allow":["GET"]}}],"collection":[{"href":"https:\/\/noticiasveracruz.com\/index.php\/wp-json\/wp\/v2\/posts"}],"about":[{"href":"https:\/\/noticiasveracruz.com\/index.php\/wp-json\/wp\/v2\/types\/post"}],"author":[{"embeddable":true,"href":"https:\/\/noticiasveracruz.com\/index.php\/wp-json\/wp\/v2\/users\/4"}],"replies":[{"embeddable":true,"href":"https:\/\/noticiasveracruz.com\/index.php\/wp-json\/wp\/v2\/comments?post=51397"}],"version-history":[{"count":0,"href":"https:\/\/noticiasveracruz.com\/index.php\/wp-json\/wp\/v2\/posts\/51397\/revisions"}],"wp:featuredmedia":[{"embeddable":true,"href":"https:\/\/noticiasveracruz.com\/index.php\/wp-json\/wp\/v2\/media\/51398"}],"wp:attachment":[{"href":"https:\/\/noticiasveracruz.com\/index.php\/wp-json\/wp\/v2\/media?parent=51397"}],"wp:term":[{"taxonomy":"category","embeddable":true,"href":"https:\/\/noticiasveracruz.com\/index.php\/wp-json\/wp\/v2\/categories?post=51397"},{"taxonomy":"post_tag","embeddable":true,"href":"https:\/\/noticiasveracruz.com\/index.php\/wp-json\/wp\/v2\/tags?post=51397"}],"curies":[{"name":"wp","href":"https:\/\/api.w.org\/{rel}","templated":true}]}}