{"id":51382,"date":"2025-03-01T00:10:04","date_gmt":"2025-03-01T06:10:04","guid":{"rendered":"https:\/\/noticiasveracruz.com\/?p=51382"},"modified":"2025-02-28T21:23:51","modified_gmt":"2025-03-01T03:23:51","slug":"precio-del-petroleo-cae-por-aranceles-de-trump-y-demanda-china","status":"publish","type":"post","link":"https:\/\/noticiasveracruz.com\/index.php\/2025\/03\/01\/precio-del-petroleo-cae-por-aranceles-de-trump-y-demanda-china\/","title":{"rendered":"Precio del petr\u00f3leo cae por aranceles de Trump y demanda china"},"content":{"rendered":"<p>Los precios del petr\u00f3leo cayeron este viernes, afectados por las renovadas amenazas arancelarias del presidente estadunidense Donald Trump, as\u00ed como por las preocupaciones sobre la demanda china.<\/p>\n<p>La mezcla mexicana cerr\u00f3 a un precio de 65.63 d\u00f3lares por barril. El precio del barril de West Texas Intermediate (WTI) para entrega el mismo mes cay\u00f3 un 0.84 por ciento, a 69.76 d\u00f3lares. En tanto, el barril de crudo Brent del Mar del Norte para entrega en abril cay\u00f3 un 1.16 por ciento, a 73,18 d\u00f3lares.<\/p>\n<p>Washington planea gravar menos al sector energ\u00e9tico canadiense, en un 10 por ciento. S\u00f3lo Canad\u00e1 representa el 60% de las importaciones de petr\u00f3leo crudo de Estados Unidos.<\/p>\n<p>Pek\u00edn prometi\u00f3 el viernes tomar \u00abtodas las contramedidas necesarias\u00bb, y los analistas temen que la guerra comercial lanzada por Estados Unidos pese sobre el crecimiento mundial.<\/p>\n<p>Los operadores tambi\u00e9n siguen de cerca la demanda china, pues el pa\u00eds, el mayor consumidor de crudo del mundo, actualmente atraviesa \u00abdificultades\u00bb econ\u00f3micas, seg\u00fan el presidente chino, Xi Jinping.<\/p>\n","protected":false},"excerpt":{"rendered":"<p>Los precios del petr\u00f3leo cayeron este viernes, afectados por las renovadas amenazas arancelarias del presidente estadunidense Donald Trump, as\u00ed como<\/p>\n","protected":false},"author":4,"featured_media":51383,"comment_status":"closed","ping_status":"closed","sticky":false,"template":"","format":"standard","meta":{"colormag_page_container_layout":"default_layout","colormag_page_sidebar_layout":"default_layout","_jetpack_memberships_contains_paid_content":false,"footnotes":"","jetpack_publicize_message":"","jetpack_publicize_feature_enabled":true,"jetpack_social_post_already_shared":true,"jetpack_social_options":{"image_generator_settings":{"template":"highway","default_image_id":0,"font":"","enabled":false},"version":2}},"categories":[1947],"tags":[],"class_list":["post-51382","post","type-post","status-publish","format-standard","has-post-thumbnail","hentry","category-economia"],"jetpack_publicize_connections":[],"jetpack_featured_media_url":"https:\/\/noticiasveracruz.com\/wp-content\/uploads\/2025\/02\/x-1.jpg","jetpack_sharing_enabled":true,"publishpress_future_action":{"enabled":false,"date":"2026-05-08 10:20:52","action":"change-status","newStatus":"draft","terms":[],"taxonomy":"category","extraData":[]},"publishpress_future_workflow_manual_trigger":{"enabledWorkflows":[]},"_links":{"self":[{"href":"https:\/\/noticiasveracruz.com\/index.php\/wp-json\/wp\/v2\/posts\/51382","targetHints":{"allow":["GET"]}}],"collection":[{"href":"https:\/\/noticiasveracruz.com\/index.php\/wp-json\/wp\/v2\/posts"}],"about":[{"href":"https:\/\/noticiasveracruz.com\/index.php\/wp-json\/wp\/v2\/types\/post"}],"author":[{"embeddable":true,"href":"https:\/\/noticiasveracruz.com\/index.php\/wp-json\/wp\/v2\/users\/4"}],"replies":[{"embeddable":true,"href":"https:\/\/noticiasveracruz.com\/index.php\/wp-json\/wp\/v2\/comments?post=51382"}],"version-history":[{"count":0,"href":"https:\/\/noticiasveracruz.com\/index.php\/wp-json\/wp\/v2\/posts\/51382\/revisions"}],"wp:featuredmedia":[{"embeddable":true,"href":"https:\/\/noticiasveracruz.com\/index.php\/wp-json\/wp\/v2\/media\/51383"}],"wp:attachment":[{"href":"https:\/\/noticiasveracruz.com\/index.php\/wp-json\/wp\/v2\/media?parent=51382"}],"wp:term":[{"taxonomy":"category","embeddable":true,"href":"https:\/\/noticiasveracruz.com\/index.php\/wp-json\/wp\/v2\/categories?post=51382"},{"taxonomy":"post_tag","embeddable":true,"href":"https:\/\/noticiasveracruz.com\/index.php\/wp-json\/wp\/v2\/tags?post=51382"}],"curies":[{"name":"wp","href":"https:\/\/api.w.org\/{rel}","templated":true}]}}