{"id":51376,"date":"2025-03-01T00:08:24","date_gmt":"2025-03-01T06:08:24","guid":{"rendered":"https:\/\/noticiasveracruz.com\/?p=51376"},"modified":"2025-02-28T21:19:11","modified_gmt":"2025-03-01T03:19:11","slug":"rechaza-cjf-insinuaciones-sobre-proceder-de-jueces-con-objetivos-solicitados-por-eu","status":"publish","type":"post","link":"https:\/\/noticiasveracruz.com\/index.php\/2025\/03\/01\/rechaza-cjf-insinuaciones-sobre-proceder-de-jueces-con-objetivos-solicitados-por-eu\/","title":{"rendered":"Rechaza CJF insinuaciones sobre proceder de jueces con objetivos solicitados por EU"},"content":{"rendered":"<p>La Presidencia del Consejo de la Judicatura Federal (CJF), a cargo de la ministra Norma Luc\u00eda Pi\u00f1a Hern\u00e1ndez, rechaz\u00f3 insinuaciones sobre el proceder de juzgadores, y expres\u00f3 su total disposici\u00f3n a que en caso de haber pruebas, se proceda conforme a derecho sin excepciones. \u201cEn un Estado de Derecho lo conducente es acudir a las instancias correspondientes\u201d.<\/p>\n<p>Lo anterior, ante las declaraciones del secretario de Seguridad y Protecci\u00f3n Ciudadana, Omar Garc\u00eda Harfuch, quien en conferencia afirm\u00f3 que \u201cel Gabinete de Seguridad cuenta con informaci\u00f3n que exist\u00eda un riesgo de que algunos de estos objetivos solicitados por el Gobierno de Estados Unidos fueran liberados o siguieran atras\u00e1ndose sus procesos de extradici\u00f3n derivado de acuerdos con algunos jueces que buscaban favorecerlos como ya se hab\u00eda hecho en otras ocasiones y durante muchos a\u00f1os\u201d.<\/p>\n<p>Incluso dijo que \u201c\u00bbcon estos elementos y considerando las actividades a las que se han dedicado dichas personas vinculadas con delitos de alto impacto, representan amenaza a la seguridad de nuestro pa\u00eds y de Estados Unidos, el Gabinete de Seguridad, en estrecha coordinaci\u00f3n con la Fiscal\u00eda General de la Rep\u00fablica, procedi\u00f3 a realizar el traslado de estos objetivos\u201d.<\/p>\n<p>Al respecto, la presidencia del CJF reafirm\u00f3 su compromiso con la justicia y el Estado de Derecho y aclar\u00f3 que cada resoluci\u00f3n que toma alguno de sus integrantes es susceptible de ser impugnada por los canales que la propia ley establece.<\/p>\n","protected":false},"excerpt":{"rendered":"<p>La Presidencia del Consejo de la Judicatura Federal (CJF), a cargo de la ministra Norma Luc\u00eda Pi\u00f1a Hern\u00e1ndez, rechaz\u00f3 insinuaciones<\/p>\n","protected":false},"author":4,"featured_media":51377,"comment_status":"closed","ping_status":"closed","sticky":false,"template":"","format":"standard","meta":{"colormag_page_container_layout":"default_layout","colormag_page_sidebar_layout":"default_layout","_jetpack_memberships_contains_paid_content":false,"footnotes":"","jetpack_publicize_message":"","jetpack_publicize_feature_enabled":true,"jetpack_social_post_already_shared":true,"jetpack_social_options":{"image_generator_settings":{"template":"highway","default_image_id":0,"font":"","enabled":false},"version":2}},"categories":[4],"tags":[],"class_list":["post-51376","post","type-post","status-publish","format-standard","has-post-thumbnail","hentry","category-nacional"],"jetpack_publicize_connections":[],"jetpack_featured_media_url":"https:\/\/noticiasveracruz.com\/wp-content\/uploads\/2025\/02\/CJF.jpg","jetpack_sharing_enabled":true,"publishpress_future_action":{"enabled":false,"date":"2026-05-08 11:15:35","action":"change-status","newStatus":"draft","terms":[],"taxonomy":"category","extraData":[]},"publishpress_future_workflow_manual_trigger":{"enabledWorkflows":[]},"_links":{"self":[{"href":"https:\/\/noticiasveracruz.com\/index.php\/wp-json\/wp\/v2\/posts\/51376","targetHints":{"allow":["GET"]}}],"collection":[{"href":"https:\/\/noticiasveracruz.com\/index.php\/wp-json\/wp\/v2\/posts"}],"about":[{"href":"https:\/\/noticiasveracruz.com\/index.php\/wp-json\/wp\/v2\/types\/post"}],"author":[{"embeddable":true,"href":"https:\/\/noticiasveracruz.com\/index.php\/wp-json\/wp\/v2\/users\/4"}],"replies":[{"embeddable":true,"href":"https:\/\/noticiasveracruz.com\/index.php\/wp-json\/wp\/v2\/comments?post=51376"}],"version-history":[{"count":0,"href":"https:\/\/noticiasveracruz.com\/index.php\/wp-json\/wp\/v2\/posts\/51376\/revisions"}],"wp:featuredmedia":[{"embeddable":true,"href":"https:\/\/noticiasveracruz.com\/index.php\/wp-json\/wp\/v2\/media\/51377"}],"wp:attachment":[{"href":"https:\/\/noticiasveracruz.com\/index.php\/wp-json\/wp\/v2\/media?parent=51376"}],"wp:term":[{"taxonomy":"category","embeddable":true,"href":"https:\/\/noticiasveracruz.com\/index.php\/wp-json\/wp\/v2\/categories?post=51376"},{"taxonomy":"post_tag","embeddable":true,"href":"https:\/\/noticiasveracruz.com\/index.php\/wp-json\/wp\/v2\/tags?post=51376"}],"curies":[{"name":"wp","href":"https:\/\/api.w.org\/{rel}","templated":true}]}}