{"id":51370,"date":"2025-03-01T00:06:10","date_gmt":"2025-03-01T06:06:10","guid":{"rendered":"https:\/\/noticiasveracruz.com\/?p=51370"},"modified":"2025-02-28T21:15:01","modified_gmt":"2025-03-01T03:15:01","slug":"aunque-se-enojen-habra-eleccion-judicial-felipe-de-la-mata","status":"publish","type":"post","link":"https:\/\/noticiasveracruz.com\/index.php\/2025\/03\/01\/aunque-se-enojen-habra-eleccion-judicial-felipe-de-la-mata\/","title":{"rendered":"Aunque se enojen, habr\u00e1 elecci\u00f3n judicial: Felipe de la Mata"},"content":{"rendered":"<p>Desde su creaci\u00f3n en 1996, el Tribunal Electoral federal \u00abha hecho enojar\u00bb a todos los partidos, gobiernos e instituciones, pero no nos vamos a doblar, sostuvo Felipe de la Mata Piza\u00f1a, magistrado de la Sala Superior de esta m\u00e1xima instancia en la materia, al reiterar que este a\u00f1o habr\u00e1 elecci\u00f3n judicial, pese a que los opositores a la misma desalienten la participaci\u00f3n ciudadana.<\/p>\n<p>\u201cHemos hecho enojar a todos los partidos, al gobierno federal, a los gobiernos estatales, al INE un mont\u00f3n de veces. El tema fundamental no es quien se enoje sino que hagamos valer de manera clara el texto de la Constituci\u00f3n. Nos han presionado, lo van a seguir haciendo; ya deber\u00edan empezar a darse cuenta que no importa, que no nos vamos a doblar, la Constituci\u00f3n se va a cumplir y este a\u00f1o va a haber elecci\u00f3n judicial porque lo dice la Constituci\u00f3n y nuestro deber es hacerla cumplir\u201d.<\/p>\n<p>Durante la presentaci\u00f3n del libro \u201cTribunal inc\u00f3modo: las reacciones (backlash) a las sentencias de un tribunal constitucional electoral\u201d se\u00f1al\u00f3 que si bien es deseable la cr\u00edtica, que buscan corregir las resoluciones, a aquellas extraordinarias cuyo fin es doblar al \u00f3rgano o a las personas que est\u00e1n ah\u00ed a trav\u00e9s de amenazas \u2013 incluso de muerte- y campa\u00f1as de desprestigio.<\/p>\n<p>De la Mata hizo un recuento de algunos casos expuestos en el libro, presentado este viernes en la Feria Internacional del Libro del Palacio de Miner\u00eda.<\/p>\n<p>Al relatar distintos episodios, acus\u00f3 expl\u00edcitamente al ex presidente del INE, Lorenzo C\u00f3rdova, de ser parte de un grupo acad\u00e9mico-pol\u00edtico.<\/p>\n<p>\u201cEsto se notaba m\u00e1s en el anterior INE; cada vez que le revoc\u00e1bamos algo, algunos consejeros que eran pol\u00edticamente afines, parte de grupos de acad\u00e9micos que hacen pol\u00edtica con la academia, y lo que hac\u00edan era aumentar el tono en la discusi\u00f3n p\u00fablica porque si nos atrev\u00edamos a revocarle al INE habr\u00eda consecuencias.<\/p>\n<p>\u201cY las consecuencias ser\u00edan ser quemados en la opini\u00f3n p\u00fablica, es decir, un grupo pol\u00edtico tiene voceros y eso era lo que pasaba en el anterior INE constantemente. Cuando digo el anterior INE me refiero a la anterior presidencia\u201d.<\/p>\n<p>Pasa lo mismo con el Estado, con el gobierno, cuando no les gustan algunas de nuestras sentencias inmediatamente hay reacciones en la opini\u00f3n p\u00fablica, agreg\u00f3.<\/p>\n<p>Del contexto actual asever\u00f3 que los opositores a la reforma judicial \u2013 y de la elecci\u00f3n del 1 de junio- \u201cacto con acto est\u00e1n tratando de ir desanimando a la poblaci\u00f3n en torno a su participaci\u00f3n en esta elecci\u00f3n, sin darse cuenta que va a haber elecci\u00f3n, que est\u00e1 en la Constituci\u00f3n.<\/p>\n<p>\u201cYa no es algo que podamos seguir discutiendo: va a haber elecci\u00f3n y va a estar bien llevada a cabo. Y lo digo con todas las letras y con toda la boca, como dir\u00eda mi mam\u00e1\u201d, expres\u00f3 el magistrado.<\/p>\n","protected":false},"excerpt":{"rendered":"<p>Desde su creaci\u00f3n en 1996, el Tribunal Electoral federal \u00abha hecho enojar\u00bb a todos los partidos, gobiernos e instituciones, pero<\/p>\n","protected":false},"author":4,"featured_media":51371,"comment_status":"closed","ping_status":"closed","sticky":false,"template":"","format":"standard","meta":{"colormag_page_container_layout":"default_layout","colormag_page_sidebar_layout":"default_layout","_jetpack_memberships_contains_paid_content":false,"footnotes":"","jetpack_publicize_message":"","jetpack_publicize_feature_enabled":true,"jetpack_social_post_already_shared":true,"jetpack_social_options":{"image_generator_settings":{"template":"highway","default_image_id":0,"font":"","enabled":false},"version":2}},"categories":[4],"tags":[],"class_list":["post-51370","post","type-post","status-publish","format-standard","has-post-thumbnail","hentry","category-nacional"],"jetpack_publicize_connections":[],"jetpack_featured_media_url":"https:\/\/noticiasveracruz.com\/wp-content\/uploads\/2025\/02\/FE.jpg","jetpack_sharing_enabled":true,"publishpress_future_action":{"enabled":false,"date":"2026-05-08 09:31:28","action":"change-status","newStatus":"draft","terms":[],"taxonomy":"category","extraData":[]},"publishpress_future_workflow_manual_trigger":{"enabledWorkflows":[]},"_links":{"self":[{"href":"https:\/\/noticiasveracruz.com\/index.php\/wp-json\/wp\/v2\/posts\/51370","targetHints":{"allow":["GET"]}}],"collection":[{"href":"https:\/\/noticiasveracruz.com\/index.php\/wp-json\/wp\/v2\/posts"}],"about":[{"href":"https:\/\/noticiasveracruz.com\/index.php\/wp-json\/wp\/v2\/types\/post"}],"author":[{"embeddable":true,"href":"https:\/\/noticiasveracruz.com\/index.php\/wp-json\/wp\/v2\/users\/4"}],"replies":[{"embeddable":true,"href":"https:\/\/noticiasveracruz.com\/index.php\/wp-json\/wp\/v2\/comments?post=51370"}],"version-history":[{"count":0,"href":"https:\/\/noticiasveracruz.com\/index.php\/wp-json\/wp\/v2\/posts\/51370\/revisions"}],"wp:featuredmedia":[{"embeddable":true,"href":"https:\/\/noticiasveracruz.com\/index.php\/wp-json\/wp\/v2\/media\/51371"}],"wp:attachment":[{"href":"https:\/\/noticiasveracruz.com\/index.php\/wp-json\/wp\/v2\/media?parent=51370"}],"wp:term":[{"taxonomy":"category","embeddable":true,"href":"https:\/\/noticiasveracruz.com\/index.php\/wp-json\/wp\/v2\/categories?post=51370"},{"taxonomy":"post_tag","embeddable":true,"href":"https:\/\/noticiasveracruz.com\/index.php\/wp-json\/wp\/v2\/tags?post=51370"}],"curies":[{"name":"wp","href":"https:\/\/api.w.org\/{rel}","templated":true}]}}