{"id":51364,"date":"2025-03-01T00:04:31","date_gmt":"2025-03-01T06:04:31","guid":{"rendered":"https:\/\/noticiasveracruz.com\/?p=51364"},"modified":"2025-02-28T20:45:45","modified_gmt":"2025-03-01T02:45:45","slug":"nahle-en-el-top-3-de-los-mejor-evaluados","status":"publish","type":"post","link":"https:\/\/noticiasveracruz.com\/index.php\/2025\/03\/01\/nahle-en-el-top-3-de-los-mejor-evaluados\/","title":{"rendered":"Nahle, en el top 3 de los mejor evaluados"},"content":{"rendered":"<p>La gobernadora de Veracruz, Roc\u00edo Nahle Garc\u00eda, se encuentra entre los mandatarios mejor calificados del pa\u00eds<span id=\"_GoBack\"><\/span>, de acuerdo con la encuesta de Reporte \u00cdndigo y Factom\u00e9trica, que evalu\u00f3 el desempe\u00f1o de los gobernadores en trabajo general, combate a la inseguridad y transparencia.<\/p>\n<p>En el rubro de trabajo en general, obtuvo una calificaci\u00f3n del 74.1%, posicion\u00e1ndose en el tercer lugar a nivel nacional.<\/p>\n<p>En cuanto a la percepci\u00f3n de seguridad, logr\u00f3 un 53.6% de aprobaci\u00f3n, ubic\u00e1ndose entre los cinco gobernadores con mejor desempe\u00f1o en esta \u00e1rea.<\/p>\n<p>Por otro lado, en transparencia y combate a la corrupci\u00f3n, Roc\u00edo Nahle alcanz\u00f3 una calificaci\u00f3n del 54.1%, coloc\u00e1ndose en el tercer puesto nacional y consolidando a Veracruz con avances en rendici\u00f3n de cuentas y manejo eficiente de los recursos p\u00fablicos.<\/p>\n<p>Los resultados reflejan el reconocimiento ciudadano a la gesti\u00f3n de Nahle Garc\u00eda, destac\u00e1ndola como una de las gobernadoras con mayor aceptaci\u00f3n en el pa\u00eds.<\/p>\n","protected":false},"excerpt":{"rendered":"<p>La gobernadora de Veracruz, Roc\u00edo Nahle Garc\u00eda, se encuentra entre los mandatarios mejor calificados del pa\u00eds, de acuerdo con la<\/p>\n","protected":false},"author":4,"featured_media":51365,"comment_status":"closed","ping_status":"closed","sticky":false,"template":"","format":"standard","meta":{"colormag_page_container_layout":"default_layout","colormag_page_sidebar_layout":"default_layout","_jetpack_memberships_contains_paid_content":false,"footnotes":"","jetpack_publicize_message":"","jetpack_publicize_feature_enabled":true,"jetpack_social_post_already_shared":true,"jetpack_social_options":{"image_generator_settings":{"template":"highway","default_image_id":0,"font":"","enabled":false},"version":2}},"categories":[356],"tags":[],"class_list":["post-51364","post","type-post","status-publish","format-standard","has-post-thumbnail","hentry","category-veracruz"],"jetpack_publicize_connections":[],"jetpack_featured_media_url":"https:\/\/noticiasveracruz.com\/wp-content\/uploads\/2025\/02\/9a-21.jpg","jetpack_sharing_enabled":true,"publishpress_future_action":{"enabled":false,"date":"2026-05-08 07:41:16","action":"change-status","newStatus":"draft","terms":[],"taxonomy":"category","extraData":[]},"publishpress_future_workflow_manual_trigger":{"enabledWorkflows":[]},"_links":{"self":[{"href":"https:\/\/noticiasveracruz.com\/index.php\/wp-json\/wp\/v2\/posts\/51364","targetHints":{"allow":["GET"]}}],"collection":[{"href":"https:\/\/noticiasveracruz.com\/index.php\/wp-json\/wp\/v2\/posts"}],"about":[{"href":"https:\/\/noticiasveracruz.com\/index.php\/wp-json\/wp\/v2\/types\/post"}],"author":[{"embeddable":true,"href":"https:\/\/noticiasveracruz.com\/index.php\/wp-json\/wp\/v2\/users\/4"}],"replies":[{"embeddable":true,"href":"https:\/\/noticiasveracruz.com\/index.php\/wp-json\/wp\/v2\/comments?post=51364"}],"version-history":[{"count":0,"href":"https:\/\/noticiasveracruz.com\/index.php\/wp-json\/wp\/v2\/posts\/51364\/revisions"}],"wp:featuredmedia":[{"embeddable":true,"href":"https:\/\/noticiasveracruz.com\/index.php\/wp-json\/wp\/v2\/media\/51365"}],"wp:attachment":[{"href":"https:\/\/noticiasveracruz.com\/index.php\/wp-json\/wp\/v2\/media?parent=51364"}],"wp:term":[{"taxonomy":"category","embeddable":true,"href":"https:\/\/noticiasveracruz.com\/index.php\/wp-json\/wp\/v2\/categories?post=51364"},{"taxonomy":"post_tag","embeddable":true,"href":"https:\/\/noticiasveracruz.com\/index.php\/wp-json\/wp\/v2\/tags?post=51364"}],"curies":[{"name":"wp","href":"https:\/\/api.w.org\/{rel}","templated":true}]}}