{"id":51361,"date":"2025-03-01T00:03:29","date_gmt":"2025-03-01T06:03:29","guid":{"rendered":"https:\/\/noticiasveracruz.com\/?p=51361"},"modified":"2025-02-28T20:44:18","modified_gmt":"2025-03-01T02:44:18","slug":"gobernadora-recibe-a-campeona-nacional-de-esgrima","status":"publish","type":"post","link":"https:\/\/noticiasveracruz.com\/index.php\/2025\/03\/01\/gobernadora-recibe-a-campeona-nacional-de-esgrima\/","title":{"rendered":"Gobernadora recibe a campeona nacional de esgrima"},"content":{"rendered":"<p>La gobernadora Roc\u00edo Nahle Garc\u00eda recibi\u00f3 en Palacio de Gobierno a la joven esgrimista Leane Ramos Tirso, quien a sus 7 a\u00f1os ha logrado consolidarse como una de las mejores del pa\u00eds en su disciplina.<\/p>\n<p>Entrenada en el Instituto Veracruzano del Deporte, es campeona nacional en la categor\u00eda AAA (6-7 a\u00f1os) y en la categor\u00eda Florete Femenil AA (8-9 a\u00f1os), lo que la convierte en una promesa del deporte veracruzano.<\/p>\n<p>En redes sociales, la Mandataria destac\u00f3 el esfuerzo, la disciplina y la dedicaci\u00f3n de Leane, quien recientemente obtuvo dos medallas de oro en el tercer Selectivo Nacional de Esgrima.<\/p>\n<p>Este encuentro refleja lo importante que es para el Gobierno estatal, impulsar el deporte y reconocer a las nuevas generaciones de atletas que ponen en alto el nombre de Veracruz.<\/p>\n<p>Con su ejemplo, Leane inspira a otros ni\u00f1os y ni\u00f1as a perseguir sus sue\u00f1os y demostrar que, con pasi\u00f3n y entrega, el talento veracruzano puede brillar en los m\u00e1s altos niveles del deporte nacional e internacional.<\/p>\n","protected":false},"excerpt":{"rendered":"<p>La gobernadora Roc\u00edo Nahle Garc\u00eda recibi\u00f3 en Palacio de Gobierno a la joven esgrimista Leane Ramos Tirso, quien a sus<\/p>\n","protected":false},"author":4,"featured_media":51362,"comment_status":"closed","ping_status":"closed","sticky":false,"template":"","format":"standard","meta":{"colormag_page_container_layout":"default_layout","colormag_page_sidebar_layout":"default_layout","_jetpack_memberships_contains_paid_content":false,"footnotes":"","jetpack_publicize_message":"","jetpack_publicize_feature_enabled":true,"jetpack_social_post_already_shared":true,"jetpack_social_options":{"image_generator_settings":{"template":"highway","default_image_id":0,"font":"","enabled":false},"version":2}},"categories":[356],"tags":[],"class_list":["post-51361","post","type-post","status-publish","format-standard","has-post-thumbnail","hentry","category-veracruz"],"jetpack_publicize_connections":[],"jetpack_featured_media_url":"https:\/\/noticiasveracruz.com\/wp-content\/uploads\/2025\/02\/9b-13.jpg","jetpack_sharing_enabled":true,"publishpress_future_action":{"enabled":false,"date":"2026-05-08 07:00:47","action":"change-status","newStatus":"draft","terms":[],"taxonomy":"category","extraData":[]},"publishpress_future_workflow_manual_trigger":{"enabledWorkflows":[]},"_links":{"self":[{"href":"https:\/\/noticiasveracruz.com\/index.php\/wp-json\/wp\/v2\/posts\/51361","targetHints":{"allow":["GET"]}}],"collection":[{"href":"https:\/\/noticiasveracruz.com\/index.php\/wp-json\/wp\/v2\/posts"}],"about":[{"href":"https:\/\/noticiasveracruz.com\/index.php\/wp-json\/wp\/v2\/types\/post"}],"author":[{"embeddable":true,"href":"https:\/\/noticiasveracruz.com\/index.php\/wp-json\/wp\/v2\/users\/4"}],"replies":[{"embeddable":true,"href":"https:\/\/noticiasveracruz.com\/index.php\/wp-json\/wp\/v2\/comments?post=51361"}],"version-history":[{"count":0,"href":"https:\/\/noticiasveracruz.com\/index.php\/wp-json\/wp\/v2\/posts\/51361\/revisions"}],"wp:featuredmedia":[{"embeddable":true,"href":"https:\/\/noticiasveracruz.com\/index.php\/wp-json\/wp\/v2\/media\/51362"}],"wp:attachment":[{"href":"https:\/\/noticiasveracruz.com\/index.php\/wp-json\/wp\/v2\/media?parent=51361"}],"wp:term":[{"taxonomy":"category","embeddable":true,"href":"https:\/\/noticiasveracruz.com\/index.php\/wp-json\/wp\/v2\/categories?post=51361"},{"taxonomy":"post_tag","embeddable":true,"href":"https:\/\/noticiasveracruz.com\/index.php\/wp-json\/wp\/v2\/tags?post=51361"}],"curies":[{"name":"wp","href":"https:\/\/api.w.org\/{rel}","templated":true}]}}