{"id":51357,"date":"2025-03-01T00:02:25","date_gmt":"2025-03-01T06:02:25","guid":{"rendered":"https:\/\/noticiasveracruz.com\/?p=51357"},"modified":"2025-02-28T20:43:18","modified_gmt":"2025-03-01T02:43:18","slug":"reconoce-a-empresas-con-inclusion-laboral","status":"publish","type":"post","link":"https:\/\/noticiasveracruz.com\/index.php\/2025\/03\/01\/reconoce-a-empresas-con-inclusion-laboral\/","title":{"rendered":"Reconoce a empresas con inclusi\u00f3n laboral"},"content":{"rendered":"<p>En el marco del D\u00eda Nacional por la Inclusi\u00f3n Laboral, la Secretar\u00eda de Trabajo, Previsi\u00f3n Social y Productividad reconoci\u00f3 a 15 empresas por promover y garantizar oportunidades laborales a la poblaci\u00f3n vulnerable.<\/p>\n<p>A trav\u00e9s del conversatorio Inclusi\u00f3n laboral: el camino hacia la igualdad de oportunidades, se abordaron los retos que enfrentan las personas con discapacidad, adultos mayores, v\u00edctimas de delitos o violaciones a derechos humanos, personas en contexto de movilidad, ind\u00edgenas, afrodescendientes y la comunidad LGBTIQ+.<\/p>\n<p>El panel estuvo conformado por Jessica Lim\u00f3n Guevara, del sector empresarial; Daniel Vela S\u00e1nchez, gubernamental; Mar\u00eda de los \u00c1ngeles Pe\u00f1a Hern\u00e1ndez, educativo; y Julio C\u00e9sar Ram\u00edrez Cisneros, civil.<\/p>\n<p>El titular de la dependencia, Luis Arturo Santiago Mart\u00ednez, enfatiz\u00f3 que la inclusi\u00f3n laboral es un derecho que el Gobierno de Veracruz hace efectivo, \u201cno es solo una pol\u00edtica p\u00fablica o una aspiraci\u00f3n; queremos una sociedad que abra puertas, no desperdicie talento y brinde oportunidades que transformen vidas\u00bb.<\/p>\n<p>El subsecretario de Gobierno, Juan Manuel Pozos Castro, destac\u00f3 la inclusi\u00f3n como herramienta clave en el desarrollo y bienestar, y reiter\u00f3 el compromiso de la gobernadora Roc\u00edo Nahle Garc\u00eda para generar oportunidades dignas y seguras.<\/p>\n","protected":false},"excerpt":{"rendered":"<p>En el marco del D\u00eda Nacional por la Inclusi\u00f3n Laboral, la Secretar\u00eda de Trabajo, Previsi\u00f3n Social y Productividad reconoci\u00f3 a<\/p>\n","protected":false},"author":4,"featured_media":51359,"comment_status":"closed","ping_status":"closed","sticky":false,"template":"","format":"standard","meta":{"colormag_page_container_layout":"default_layout","colormag_page_sidebar_layout":"default_layout","_jetpack_memberships_contains_paid_content":false,"footnotes":"","jetpack_publicize_message":"","jetpack_publicize_feature_enabled":true,"jetpack_social_post_already_shared":true,"jetpack_social_options":{"image_generator_settings":{"template":"highway","default_image_id":0,"font":"","enabled":false},"version":2}},"categories":[356],"tags":[],"class_list":["post-51357","post","type-post","status-publish","format-standard","has-post-thumbnail","hentry","category-veracruz"],"jetpack_publicize_connections":[],"jetpack_featured_media_url":"https:\/\/noticiasveracruz.com\/wp-content\/uploads\/2025\/02\/9c-14.jpg","jetpack_sharing_enabled":true,"publishpress_future_action":{"enabled":false,"date":"2026-05-08 06:06:30","action":"change-status","newStatus":"draft","terms":[],"taxonomy":"category","extraData":[]},"publishpress_future_workflow_manual_trigger":{"enabledWorkflows":[]},"_links":{"self":[{"href":"https:\/\/noticiasveracruz.com\/index.php\/wp-json\/wp\/v2\/posts\/51357","targetHints":{"allow":["GET"]}}],"collection":[{"href":"https:\/\/noticiasveracruz.com\/index.php\/wp-json\/wp\/v2\/posts"}],"about":[{"href":"https:\/\/noticiasveracruz.com\/index.php\/wp-json\/wp\/v2\/types\/post"}],"author":[{"embeddable":true,"href":"https:\/\/noticiasveracruz.com\/index.php\/wp-json\/wp\/v2\/users\/4"}],"replies":[{"embeddable":true,"href":"https:\/\/noticiasveracruz.com\/index.php\/wp-json\/wp\/v2\/comments?post=51357"}],"version-history":[{"count":0,"href":"https:\/\/noticiasveracruz.com\/index.php\/wp-json\/wp\/v2\/posts\/51357\/revisions"}],"wp:featuredmedia":[{"embeddable":true,"href":"https:\/\/noticiasveracruz.com\/index.php\/wp-json\/wp\/v2\/media\/51359"}],"wp:attachment":[{"href":"https:\/\/noticiasveracruz.com\/index.php\/wp-json\/wp\/v2\/media?parent=51357"}],"wp:term":[{"taxonomy":"category","embeddable":true,"href":"https:\/\/noticiasveracruz.com\/index.php\/wp-json\/wp\/v2\/categories?post=51357"},{"taxonomy":"post_tag","embeddable":true,"href":"https:\/\/noticiasveracruz.com\/index.php\/wp-json\/wp\/v2\/tags?post=51357"}],"curies":[{"name":"wp","href":"https:\/\/api.w.org\/{rel}","templated":true}]}}