{"id":51354,"date":"2025-03-01T00:01:31","date_gmt":"2025-03-01T06:01:31","guid":{"rendered":"https:\/\/noticiasveracruz.com\/?p=51354"},"modified":"2025-02-28T20:40:35","modified_gmt":"2025-03-01T02:40:35","slug":"cnte-se-suma-a-movilizacion-nacional","status":"publish","type":"post","link":"https:\/\/noticiasveracruz.com\/index.php\/2025\/03\/01\/cnte-se-suma-a-movilizacion-nacional\/","title":{"rendered":"CNTE se suma a movilizaci\u00f3n nacional"},"content":{"rendered":"<p>Un peque\u00f1o grupo de integrantes de la Coordinadora Nacional de Trabajadores de la Educaci\u00f3n (CNTE) protest\u00f3 frente a Palacio de Gobierno, en la ciudad de Xalapa, para sumarse a las movilizaciones a nivel nacional y as\u00ed exigir la abrogaci\u00f3n de la reforma del Issste 2025.<\/p>\n<p>De acuerdo con Aurelia Becerra, integrante de la CNTE y docente de la regi\u00f3n de Xico, la manifestaci\u00f3n se lleva a cabo de manera simult\u00e1nea en 16 entidades de la Rep\u00fablica Mexicana.<\/p>\n<p>\u201cMandamos un saludo fraterno a los estados combativos que se han movilizado ante la imposici\u00f3n que pretende la nefasta reforma a la ley del Issste. En 2007, bajo el auspicio del gobierno de Felipe Calder\u00f3n Hinojosa, present\u00f3 un golpe mortal al trabajador del pa\u00eds\u201d.<\/p>\n<p>Los profesores se movilizan contra la reforma a la ley del Issste, que a su parecer aumenta la edad de jubilaci\u00f3n y reduce beneficios.<\/p>\n<p>\u201cLos estados movilizados han frenado en el norte los estados combativos Oaxaca, Chiapas, Monterrey, Nuevo Le\u00f3n, Valladolid y dem\u00e1s estados. Este es el compromiso que hizo el presidente anterior. La administraci\u00f3n anterior, encabezada por Andr\u00e9s Manuel L\u00f3pez Obrador, se comprometi\u00f3 a la abrogaci\u00f3n de la nefasta reforma de la ley del Issste\u201d.<\/p>\n<p>La entrevistada se\u00f1al\u00f3 que la iniciativa de reforma a la Ley del ISSSTE, presentada el 7 de febrero de 2025, ratifica un modelo lesivo para los trabajadores.<\/p>\n<p>A\u00f1adi\u00f3 que, en lugar de responder a las demandas urgentes de los empleados p\u00fablicos, incluyendo trabajadores de la educaci\u00f3n, personal de salud, seguridad, PEMEX y CFE, prevalecen los mecanismos de despojo establecidos en 2007 bajo el gobierno de Felipe Calder\u00f3n y respaldados por el Sindicato Nacional de Trabajadores de la Educaci\u00f3n (SNTE).<\/p>\n<p>\u201cLa raz\u00f3n, compa\u00f1eros, porque arrebata, n\u00famero uno, impone las cuotas individuales y arrebata la cuota solidaria patronal. El Estado es el responsable de garantizar la manutenci\u00f3n de los trabajadores que se jubilan. N\u00famero dos, impone esa reforma la cuesti\u00f3n tanto de la edad laboral como de la edad biol\u00f3gica, imponi\u00e9ndole a compa\u00f1eros que trabajen hasta 8 o 12 a\u00f1os m\u00e1s para poderse jubilar\u201d, refiri\u00f3 Aurelia Becerra.<\/p>\n","protected":false},"excerpt":{"rendered":"<p>Un peque\u00f1o grupo de integrantes de la Coordinadora Nacional de Trabajadores de la Educaci\u00f3n (CNTE) protest\u00f3 frente a Palacio de<\/p>\n","protected":false},"author":4,"featured_media":51355,"comment_status":"closed","ping_status":"closed","sticky":false,"template":"","format":"standard","meta":{"colormag_page_container_layout":"default_layout","colormag_page_sidebar_layout":"default_layout","_jetpack_memberships_contains_paid_content":false,"footnotes":"","jetpack_publicize_message":"","jetpack_publicize_feature_enabled":true,"jetpack_social_post_already_shared":true,"jetpack_social_options":{"image_generator_settings":{"template":"highway","default_image_id":0,"font":"","enabled":false},"version":2}},"categories":[356],"tags":[],"class_list":["post-51354","post","type-post","status-publish","format-standard","has-post-thumbnail","hentry","category-veracruz"],"jetpack_publicize_connections":[],"jetpack_featured_media_url":"https:\/\/noticiasveracruz.com\/wp-content\/uploads\/2025\/02\/10b-4-scaled.jpg","jetpack_sharing_enabled":true,"publishpress_future_action":{"enabled":false,"date":"2026-05-08 05:24:06","action":"change-status","newStatus":"draft","terms":[],"taxonomy":"category","extraData":[]},"publishpress_future_workflow_manual_trigger":{"enabledWorkflows":[]},"_links":{"self":[{"href":"https:\/\/noticiasveracruz.com\/index.php\/wp-json\/wp\/v2\/posts\/51354","targetHints":{"allow":["GET"]}}],"collection":[{"href":"https:\/\/noticiasveracruz.com\/index.php\/wp-json\/wp\/v2\/posts"}],"about":[{"href":"https:\/\/noticiasveracruz.com\/index.php\/wp-json\/wp\/v2\/types\/post"}],"author":[{"embeddable":true,"href":"https:\/\/noticiasveracruz.com\/index.php\/wp-json\/wp\/v2\/users\/4"}],"replies":[{"embeddable":true,"href":"https:\/\/noticiasveracruz.com\/index.php\/wp-json\/wp\/v2\/comments?post=51354"}],"version-history":[{"count":0,"href":"https:\/\/noticiasveracruz.com\/index.php\/wp-json\/wp\/v2\/posts\/51354\/revisions"}],"wp:featuredmedia":[{"embeddable":true,"href":"https:\/\/noticiasveracruz.com\/index.php\/wp-json\/wp\/v2\/media\/51355"}],"wp:attachment":[{"href":"https:\/\/noticiasveracruz.com\/index.php\/wp-json\/wp\/v2\/media?parent=51354"}],"wp:term":[{"taxonomy":"category","embeddable":true,"href":"https:\/\/noticiasveracruz.com\/index.php\/wp-json\/wp\/v2\/categories?post=51354"},{"taxonomy":"post_tag","embeddable":true,"href":"https:\/\/noticiasveracruz.com\/index.php\/wp-json\/wp\/v2\/tags?post=51354"}],"curies":[{"name":"wp","href":"https:\/\/api.w.org\/{rel}","templated":true}]}}