{"id":51345,"date":"2025-02-28T19:01:29","date_gmt":"2025-03-01T01:01:29","guid":{"rendered":"https:\/\/noticiasveracruz.com\/?p=51345"},"modified":"2025-02-28T19:01:29","modified_gmt":"2025-03-01T01:01:29","slug":"capturan-a-sujeto-que-aparecio-en-video-portando-un-arma-replica-arriba-de-un-autobus-del-transporte-urbano-de-tuxpan","status":"publish","type":"post","link":"https:\/\/noticiasveracruz.com\/index.php\/2025\/02\/28\/capturan-a-sujeto-que-aparecio-en-video-portando-un-arma-replica-arriba-de-un-autobus-del-transporte-urbano-de-tuxpan\/","title":{"rendered":"Capturan a sujeto que apareci\u00f3 en video portando un arma r\u00e9plica arriba de un autob\u00fas del transporte urbano de Tuxpan"},"content":{"rendered":"<p>\u2022 En el operativo particip\u00f3 SSP Tuxpan, SEMAR y SSP del Estado.<\/p>\n<p>Tuxpan, Ver., 28 de febrero de 2025. &#8211; Personal de SEMAR en labores de seguridad p\u00fablica y Polic\u00eda Municipal de Tuxpan, en coordinaci\u00f3n con elementos de Marina y SSP Estatal, lograron la detenci\u00f3n de un sujeto que hab\u00eda sido filmado empu\u00f1ando una r\u00e9plica de arma, en un autob\u00fas del transporte urbano.<\/p>\n<p><img loading=\"lazy\" decoding=\"async\" class=\"alignnone size-medium wp-image-51348\" src=\"http:\/\/noticiasveracruz.com\/wp-content\/uploads\/2025\/02\/WhatsApp-Image-2025-02-28-at-18.18.35-1-245x300.jpeg\" alt=\"\" width=\"245\" height=\"300\" srcset=\"https:\/\/noticiasveracruz.com\/wp-content\/uploads\/2025\/02\/WhatsApp-Image-2025-02-28-at-18.18.35-1-245x300.jpeg 245w, https:\/\/noticiasveracruz.com\/wp-content\/uploads\/2025\/02\/WhatsApp-Image-2025-02-28-at-18.18.35-1.jpeg 576w\" sizes=\"auto, (max-width: 245px) 100vw, 245px\" \/><\/p>\n<p>El ahora detenido es Juan \u201cN\u201d, de 36 a\u00f1os de edad, mismo que fue capturado en la esquina de las calles Ju\u00e1rez y Morelos, de la zona centro de esta ciudad.<\/p>\n<p><img loading=\"lazy\" decoding=\"async\" class=\"alignnone size-medium wp-image-51346\" src=\"http:\/\/noticiasveracruz.com\/wp-content\/uploads\/2025\/02\/WhatsApp-Image-2025-02-28-at-18.18.34-1-300x224.jpeg\" alt=\"\" width=\"300\" height=\"224\" srcset=\"https:\/\/noticiasveracruz.com\/wp-content\/uploads\/2025\/02\/WhatsApp-Image-2025-02-28-at-18.18.34-1-300x224.jpeg 300w, https:\/\/noticiasveracruz.com\/wp-content\/uploads\/2025\/02\/WhatsApp-Image-2025-02-28-at-18.18.34-1.jpeg 541w\" sizes=\"auto, (max-width: 300px) 100vw, 300px\" \/><\/p>\n<p>Al ser asegurado, se le encontr\u00f3 la r\u00e9plica de arma y mariguana, por lo que fue puesto a disposici\u00f3n de la Fiscal\u00eda General del Estado.<\/p>\n<p><img loading=\"lazy\" decoding=\"async\" class=\"alignnone size-medium wp-image-51349\" src=\"http:\/\/noticiasveracruz.com\/wp-content\/uploads\/2025\/02\/WhatsApp-Image-2025-02-28-at-18.18.35-273x300.jpeg\" alt=\"\" width=\"273\" height=\"300\" srcset=\"https:\/\/noticiasveracruz.com\/wp-content\/uploads\/2025\/02\/WhatsApp-Image-2025-02-28-at-18.18.35-273x300.jpeg 273w, https:\/\/noticiasveracruz.com\/wp-content\/uploads\/2025\/02\/WhatsApp-Image-2025-02-28-at-18.18.35.jpeg 514w\" sizes=\"auto, (max-width: 273px) 100vw, 273px\" \/><\/p>\n<p>Sin duda, la colaboraci\u00f3n de la ciudadan\u00eda fue fundamental para lograr la captura de este infractor de la ley.<\/p>\n","protected":false},"excerpt":{"rendered":"<p>\u2022 En el operativo particip\u00f3 SSP Tuxpan, SEMAR y SSP del Estado. Tuxpan, Ver., 28 de febrero de 2025. &#8211;<\/p>\n","protected":false},"author":4,"featured_media":51347,"comment_status":"closed","ping_status":"closed","sticky":false,"template":"","format":"standard","meta":{"colormag_page_container_layout":"default_layout","colormag_page_sidebar_layout":"default_layout","_jetpack_memberships_contains_paid_content":false,"footnotes":"","jetpack_publicize_message":"","jetpack_publicize_feature_enabled":true,"jetpack_social_post_already_shared":true,"jetpack_social_options":{"image_generator_settings":{"template":"highway","default_image_id":0,"font":"","enabled":false},"version":2}},"categories":[3372,356],"tags":[],"class_list":["post-51345","post","type-post","status-publish","format-standard","has-post-thumbnail","hentry","category-gobierno-tuxpan","category-veracruz"],"jetpack_publicize_connections":[],"jetpack_featured_media_url":"https:\/\/noticiasveracruz.com\/wp-content\/uploads\/2025\/02\/WhatsApp-Image-2025-02-28-at-18.18.34.jpeg","jetpack_sharing_enabled":true,"publishpress_future_action":{"enabled":false,"date":"2026-05-08 04:14:34","action":"change-status","newStatus":"draft","terms":[],"taxonomy":"category","extraData":[]},"publishpress_future_workflow_manual_trigger":{"enabledWorkflows":[]},"_links":{"self":[{"href":"https:\/\/noticiasveracruz.com\/index.php\/wp-json\/wp\/v2\/posts\/51345","targetHints":{"allow":["GET"]}}],"collection":[{"href":"https:\/\/noticiasveracruz.com\/index.php\/wp-json\/wp\/v2\/posts"}],"about":[{"href":"https:\/\/noticiasveracruz.com\/index.php\/wp-json\/wp\/v2\/types\/post"}],"author":[{"embeddable":true,"href":"https:\/\/noticiasveracruz.com\/index.php\/wp-json\/wp\/v2\/users\/4"}],"replies":[{"embeddable":true,"href":"https:\/\/noticiasveracruz.com\/index.php\/wp-json\/wp\/v2\/comments?post=51345"}],"version-history":[{"count":0,"href":"https:\/\/noticiasveracruz.com\/index.php\/wp-json\/wp\/v2\/posts\/51345\/revisions"}],"wp:featuredmedia":[{"embeddable":true,"href":"https:\/\/noticiasveracruz.com\/index.php\/wp-json\/wp\/v2\/media\/51347"}],"wp:attachment":[{"href":"https:\/\/noticiasveracruz.com\/index.php\/wp-json\/wp\/v2\/media?parent=51345"}],"wp:term":[{"taxonomy":"category","embeddable":true,"href":"https:\/\/noticiasveracruz.com\/index.php\/wp-json\/wp\/v2\/categories?post=51345"},{"taxonomy":"post_tag","embeddable":true,"href":"https:\/\/noticiasveracruz.com\/index.php\/wp-json\/wp\/v2\/tags?post=51345"}],"curies":[{"name":"wp","href":"https:\/\/api.w.org\/{rel}","templated":true}]}}