{"id":51336,"date":"2025-02-28T00:21:15","date_gmt":"2025-02-28T06:21:15","guid":{"rendered":"https:\/\/noticiasveracruz.com\/?p=51336"},"modified":"2025-02-27T23:34:49","modified_gmt":"2025-02-28T05:34:49","slug":"un-abogado-jarocho-internacional","status":"publish","type":"post","link":"https:\/\/noticiasveracruz.com\/index.php\/2025\/02\/28\/un-abogado-jarocho-internacional\/","title":{"rendered":"Un abogado jarocho internacional"},"content":{"rendered":"<ul>\n<li style=\"font-weight: 400;\"><strong>Edgar Corso Sosa candidato a ministro de la Suprema Corte de Justicia<\/strong><\/li>\n<li style=\"font-weight: 400;\"><strong>Con una trayectoria profesional y acad\u00e9mica incomparables<\/strong><\/li>\n<li style=\"font-weight: 400;\"><strong>Orgullosamente es veracruzano oriundo de Cosamaloapan<\/strong><\/li>\n<\/ul>\n<p style=\"font-weight: 400;\"><strong>Por Miguel \u00c1ngel Cristiani G.<\/strong><\/p>\n<p style=\"font-weight: 400;\">Seguramente que uno de los candidatos a ministro de la Suprema Corte de Justicia de la Naci\u00f3n m\u00e1s preparados y con una trayectoria profesional y acad\u00e9mica incomparables es el veracruzano oriundo de Cosamaloapan el doctor en derecho Edgar Corso Sosa.<\/p>\n<p style=\"font-weight: 400;\">Estuvo este jueves desayunando con los comunicadores veracruzanos de la ACOVER que preside el periodista Melit\u00f3n Morales, con quienes platic\u00f3 sobre su trayectoria y la infinidad de cargos a nivel nacional e internacional que ha ocupado y sigue desempe\u00f1ando.<\/p>\n<p style=\"font-weight: 400;\">EDGAR CORZO SOSA es Licenciado en Derecho por la Universidad Nacional Aut\u00f3noma de M\u00e9xico. Especialidad en el anterior Instituto de Especializaci\u00f3n Judicial de la Suprema Corte de Justicia de la Naci\u00f3n.<\/p>\n<p style=\"font-weight: 400;\">Maestr\u00eda en Derecho P\u00fablico en la Universidad Paris I, Sorbona. Habla y domina el franc\u00e9s, italiano y el ingl\u00e9s.<\/p>\n<p style=\"font-weight: 400;\">Doctorado en Derecho P\u00fablico en la Universidad Aut\u00f3noma de Madrid. La misma donde estudi\u00f3 el Rey de Espa\u00f1a.<\/p>\n<p style=\"font-weight: 400;\">Su curricular profesional es de m\u00e1s de 70 p\u00e1ginas.<\/p>\n<p style=\"font-weight: 400;\">Es un veracruzano jarocho nacido en la Cuenca del Papaloapan en Cosamaloapan y ahora aparecer\u00e1 en las boletas electorales para elegir a los ministros de la Suprema Corte de Justicia de la Naci\u00f3n el pr\u00f3ximo 1 de junio.<\/p>\n<p style=\"font-weight: 400;\">Hay que recordar que el n\u00famero 38 en la boleta es un gran acad\u00e9mico Jarocho.<\/p>\n<p style=\"font-weight: 400;\">Es profesor de \u201cTeor\u00eda Constitucional\u201d y \u201cDerecho Constitucional Mexicano\u201d en la Facultad de Derecho de la UNAM y en la Universidad Panamericana. Profesor de la materia \u201cDerechos Humanos\u201d en la Divisi\u00f3n de Estudios de Posgrado de la Facultad de Derecho de la UNAM, en el semestre enero-junio 2013. Dirige desde su aparici\u00f3n la publicaci\u00f3n peri\u00f3dica \u201cCuestiones Constitucionales Revista Mexicana de Derecho Constitucional\u201d la cual pertenece al \u00cdndice de Revistas Especializadas del CONACYT. Coordinador de la Colecci\u00f3n \u201cDerechos Humanos y Justicia\u201d de la editorial Tirant lo Blanch, Valencia, Espa\u00f1a, a partir de enero del 2013. Coordinador Acad\u00e9mico del Doctorado por Investigaci\u00f3n en \u201cAdministraci\u00f3n y Gobierno del Poder Judicial, en el Instituto de Estudios Judiciales del Tribunal Superior de Justicia del Distrito Federal, a partir del 1 de enero de 2013.<\/p>\n<p style=\"font-weight: 400;\">Dentro del Poder Judicial de la Federaci\u00f3n fue asesor del Presidente de la Suprema Corte de Justicia de la Naci\u00f3n, Director General de Relaciones Internacionales del Poder Judicial de la Federaci\u00f3n y Secretario de Estudio y Cuenta adscrito a la Segunda Sala de la Suprema Corte.<\/p>\n<p style=\"font-weight: 400;\">Es investigador titular de tiempo completo en el Instituto de Investigaciones Jur\u00eddicas de la UNAM y el Sistema Nacional de Investigadores lo reconoce con el Nivel III. (El m\u00e1s alto) algunos de sus art\u00edculos son: \u201cUNAM\u00f3nos\u201d M\u00e9xico, Hechos y Derechos (Revista electr\u00f3nica), III UNAM. \u201cLa Nueva Ley de Amparo\u201d, M\u00e9xico, Hechos y Derechos (Revista electr\u00f3nica), IIJ UNAM. 1 \u201cLa Reforma Educativa\u2026no es retroactiva\u201d, M\u00e9xico, Hechos y Derechos (Revista electr\u00f3nica), IIJ UNAM,<\/p>\n<p style=\"font-weight: 400;\">Reconocimiento por la destacada labor docente a lo largo de diez a\u00f1os de la Licenciatura en Derecho del Instituto Tecnol\u00f3gico y de Estudios Superiores de Monterrey, campus Ciudad de M\u00e9xico. Reconocimiento por el compromiso a la educaci\u00f3n superior y como universitario, otorgado por la Generaci\u00f3n 2007-2009 de la Maestr\u00eda en Derecho C\u00e1mara de Diputados LX legislatura-UNAM. C\u00e1tedra Extraordinaria \u201cAndr\u00e9s Serra Rojas\u201d, otorgada por el Consejo T\u00e9cnico de la Facultad de Derecho de la UNAM, en febrero de 2008. Reconocimiento otorgado por la Universidad Nacional Aut\u00f3noma de M\u00e9xico por 15 a\u00f1os de servicio acad\u00e9mico en esa instituci\u00f3n. Candidato al Premio Javed Husain para j\u00f3venes cient\u00edficos 1999, auspiciado por la Organizaci\u00f3n de las Naciones Unidas para la Educaci\u00f3n, la Ciencia y la Cultura (UNESCO) 8 Premio \u201cOctavio A. Hern\u00e1ndez\u201d a la mejor tesis de doctorado en materia de derecho constitucional, organizado por el Instituto de Investigaciones Jur\u00eddicas de la UNAM y otorgado el 6 de octubre de 1997. Menci\u00f3n Apto cum laude por unanimidad, en el examen profesional de Doctorado, presentado el 30 de junio de 1997. Premio \u201cFelipe Tena Ram\u00edrez\u201d edici\u00f3n 1991, a la mejor tesis de licenciatura en materia de derechos humanos, organizado por el Fideicomiso de Derechos Humanos, la Comisi\u00f3n Nacional de Derechos Humanos, el Instituto de Investigaciones Jur\u00eddicas de la UNAM y la Escuela Libre de Derecho. Menci\u00f3n honor\u00edfica en el examen profesional de licenciatura, presentado el 17 de marzo de 1992. Miembro del grupo representante de M\u00e9xico en el concurso Philip C. Jessup International Law Moot Court Competition, llevado a cabo en la ciudad de Washington, D.C., en 1989. Tercer lugar en el concurso de ensayos organizado por la UNAM en 1987, con el tema \u201cLa responsabilidad social del universitario\u201d. D. INVESTIGACION Investigador titular \u201cB\u201d en el \u00e1rea de Derecho Constitucional del Instituto de Investigaciones Jur\u00eddicas de la Universidad Nacional Aut\u00f3noma de M\u00e9xico, a partir del 30 de abril de 2012. Investigador visitante en el Max Planck Institute for Comparative Public Law and International Law, en Heidelberg, durante los meses de junio y julio del 2013. Profesor visitante en la Universidad de Navarra, Espa\u00f1a, para el curso acad\u00e9mico 2011\/2012, adscrito al Departamento de Derecho P\u00fablico e Instituciones Jur\u00eddicas B\u00e1sicas (\u00e1rea Derecho Constitucional). Licencia acad\u00e9mica para asistir al V Incontro italo-spagnolo \u201cDiritti sociali e regionalismo in Spagna ed in Italia\u201d, organizado por el Dipartimento di Diritto Pubblico, Processuale Civile, Internazionale ed Europeo de la Universit\u00e0 degli Studio di Milano, y dictar el M\u00f3dulo de Derechos Fundamentales en la Universidad de Sevilla en el Marco del Master Oficial en Derecho Constitucional, del 31 de marzo al 8 de abril de 2011. Estancia de investigaci\u00f3n en el Instituto de Estudios Pol\u00edticos de Aix-en Provence, Francia, durante el mes de noviembre de 2010.<\/p>\n<p style=\"font-weight: 400;\">Investigador Nacional Nivel III en el Sistema Nacional de Investigadores, comunicaci\u00f3n del 12 de septiembre de 2010. Periodo del 1 de enero de 2011 al 31 de diciembre de 2015. Licencia acad\u00e9mica para dictar el M\u00f3dulo de Derechos Fundamentales en la Universidad de Sevilla en el Marco del Master Oficial en Derecho Constitucional, del 16 al 26 de marzo de 2010. Licencia acad\u00e9mica para dictar el M\u00f3dulo de Derechos Fundamentales en la Universidad de Sevilla en el Marco del Master Oficial en Derecho Constitucional, del 21 de marzo al 5 de abril de 2009. Licencia acad\u00e9mica para dictar el M\u00f3dulo de Derechos Fundamentales en la Universidad de Sevilla en el Marco del Master Oficial en Derecho Constitucional, del 25 de febrero al 2 de marzo de 2008. Investigador Nacional Nivel II en el Sistema Nacional de Investigadores a partir de agosto de 2006.<\/p>\n<p style=\"font-weight: 400;\">Investigador Asociado \u201cC\u201d de tiempo completo en el Instituto de Investigaciones Jur\u00eddicas de la UNAM del 27 de junio de 1996 al 3 de junio del 2000. Becario extranjero del Instituto de Investigaciones Jur\u00eddicas de la UNAM para realizar estudios de Doctorado en la Universidad Aut\u00f3noma de Madrid, de septiembre de 1992 a febrero de 1996. Profesor invitado al IV Curso Internacional de Justicia Constitucional, organizado por el Grupo de Estudios y de Investigaciones sobre la Justicia Constitucional de la Universidad de Aix-Marseille, Francia, celebrado del 14 al 19 de septiembre de 1992. ayudante del Dr. H\u00e9ctor Fix-Zamudio, Investigador Nacional nivel III, en el Sistema Nacional de Investigadores, del 1\u00b0 de enero al 1\u00b0 de septiembre de 1992. Profesor invitado a la Reuni\u00f3n Anual del a\u00f1o de 1992 de Escuelas de Derecho organizado por la Association of American Law Schools, Canadian Association of Law Teachers, and Inter-American Law Professors Association, el d\u00eda 7 de enero de 1992. Estancia acad\u00e9mica como profesor visitante en la Facultad de Derecho de la Universidad de Ottawa, Canad\u00e1, del 15 octubre al 6 noviembre de 1991. T\u00e9cnico Acad\u00e9mico (ayudante de investigador) Asociado \u201cA\u201d del Instituto de Investigaciones Jur\u00eddicas de la UNAM a partir del 2 de mayo de 1991 hasta el 2 septiembre de 1992.<\/p>\n<p style=\"font-weight: 400;\">Candidato a ministro de la SCJN, Dr Edgar Corzo Sosa<\/p>\n<p style=\"font-weight: 400;\">\n<p style=\"font-weight: 400;\">Para m\u00e1s informaci\u00f3n consulta nuestra p\u00e1gina\u00a0<a href=\"https:\/\/www.xn--bitacoraspolticas-ovb.com\/\" data-saferedirecturl=\"https:\/\/www.google.com\/url?q=https:\/\/www.xn--bitacoraspolticas-ovb.com\/&amp;source=gmail&amp;ust=1740806928208000&amp;usg=AOvVaw3CoLhXu1xjKec45Ra8uqwz\">https:\/\/www.xn--bitacoraspolticas-ovb.com\/<\/a><\/p>\n<p><img loading=\"lazy\" decoding=\"async\" class=\"alignnone wp-image-51330 size-full\" src=\"http:\/\/noticiasveracruz.com\/wp-content\/uploads\/2025\/02\/FIRMA-EDITORIAL-PD-7.jpg\" alt=\"\" width=\"1024\" height=\"125\" srcset=\"https:\/\/noticiasveracruz.com\/wp-content\/uploads\/2025\/02\/FIRMA-EDITORIAL-PD-7.jpg 1024w, https:\/\/noticiasveracruz.com\/wp-content\/uploads\/2025\/02\/FIRMA-EDITORIAL-PD-7-300x37.jpg 300w, https:\/\/noticiasveracruz.com\/wp-content\/uploads\/2025\/02\/FIRMA-EDITORIAL-PD-7-768x94.jpg 768w\" sizes=\"auto, (max-width: 1024px) 100vw, 1024px\" \/><\/p>\n","protected":false},"excerpt":{"rendered":"<p>Edgar Corso Sosa candidato a ministro de la Suprema Corte de Justicia Con una trayectoria profesional y acad\u00e9mica incomparables Orgullosamente<\/p>\n","protected":false},"author":4,"featured_media":29037,"comment_status":"closed","ping_status":"closed","sticky":false,"template":"","format":"standard","meta":{"colormag_page_container_layout":"default_layout","colormag_page_sidebar_layout":"default_layout","_jetpack_memberships_contains_paid_content":false,"footnotes":"","jetpack_publicize_message":"","jetpack_publicize_feature_enabled":true,"jetpack_social_post_already_shared":true,"jetpack_social_options":{"image_generator_settings":{"template":"highway","default_image_id":0,"font":"","enabled":false},"version":2}},"categories":[6],"tags":[],"class_list":["post-51336","post","type-post","status-publish","format-standard","has-post-thumbnail","hentry","category-columnistas"],"jetpack_publicize_connections":[],"jetpack_featured_media_url":"https:\/\/noticiasveracruz.com\/wp-content\/uploads\/2024\/04\/BANNER-cristiani-NV.jpg","jetpack_sharing_enabled":true,"publishpress_future_action":{"enabled":false,"date":"2026-05-10 06:45:37","action":"change-status","newStatus":"draft","terms":[],"taxonomy":"category","extraData":[]},"publishpress_future_workflow_manual_trigger":{"enabledWorkflows":[]},"_links":{"self":[{"href":"https:\/\/noticiasveracruz.com\/index.php\/wp-json\/wp\/v2\/posts\/51336","targetHints":{"allow":["GET"]}}],"collection":[{"href":"https:\/\/noticiasveracruz.com\/index.php\/wp-json\/wp\/v2\/posts"}],"about":[{"href":"https:\/\/noticiasveracruz.com\/index.php\/wp-json\/wp\/v2\/types\/post"}],"author":[{"embeddable":true,"href":"https:\/\/noticiasveracruz.com\/index.php\/wp-json\/wp\/v2\/users\/4"}],"replies":[{"embeddable":true,"href":"https:\/\/noticiasveracruz.com\/index.php\/wp-json\/wp\/v2\/comments?post=51336"}],"version-history":[{"count":0,"href":"https:\/\/noticiasveracruz.com\/index.php\/wp-json\/wp\/v2\/posts\/51336\/revisions"}],"wp:featuredmedia":[{"embeddable":true,"href":"https:\/\/noticiasveracruz.com\/index.php\/wp-json\/wp\/v2\/media\/29037"}],"wp:attachment":[{"href":"https:\/\/noticiasveracruz.com\/index.php\/wp-json\/wp\/v2\/media?parent=51336"}],"wp:term":[{"taxonomy":"category","embeddable":true,"href":"https:\/\/noticiasveracruz.com\/index.php\/wp-json\/wp\/v2\/categories?post=51336"},{"taxonomy":"post_tag","embeddable":true,"href":"https:\/\/noticiasveracruz.com\/index.php\/wp-json\/wp\/v2\/tags?post=51336"}],"curies":[{"name":"wp","href":"https:\/\/api.w.org\/{rel}","templated":true}]}}