{"id":51334,"date":"2025-02-27T23:32:51","date_gmt":"2025-02-28T05:32:51","guid":{"rendered":"https:\/\/noticiasveracruz.com\/?p=51334"},"modified":"2025-02-27T23:32:51","modified_gmt":"2025-02-28T05:32:51","slug":"chiquisindicatos-misoginos-y-retrogradas","status":"publish","type":"post","link":"https:\/\/noticiasveracruz.com\/index.php\/2025\/02\/27\/chiquisindicatos-misoginos-y-retrogradas\/","title":{"rendered":"Chiquisindicatos: mis\u00f3ginos y retr\u00f3gradas"},"content":{"rendered":"<p><em>\u201cConserva bien lo tuyo y no codicies lo ajeno. Si tal haces, nada podr\u00e1 impedirte el ser dichoso.\u201d \u2013 Epicteto.<\/em><\/p>\n<p><strong>De acuerdo con el Instituto Nacional de las Mujeres, la palabra misoginia proviene de dos voces griegas \u201cmiso\u201d y \u201cgyne\u201d que significan detestar o tener aversi\u00f3n contra la mujer. Se usa para referirse a creencias o expresiones emocionales, psicol\u00f3gicas e ideol\u00f3gicas de odio hacia las mujeres y a lo femenino.<\/strong><\/p>\n<p><strong>La misoginia prevalece en culturas o sociedades que consideran a las mujeres inferiores a los hombres y les atribuyen un rol centrado en la reproducci\u00f3n de la especie humana, en el cuidado de hijos\/as y en el hogar.<\/strong><\/p>\n<p><strong>Este caso lo vemos muy como el origen del conflicto al interior de la SEV y manejado por ocho pseudo l\u00edderes qu\u00e9 ahora con tal de mantenerse sin devengar su sueldo, insultan y denostan a la Secretaria de Educaci\u00f3n, Claudia Tello Espinosa.<\/strong><\/p>\n<p><strong>La ex senadora Tello Espinosa representa la lucha hist\u00f3rica de las mujeres por transformar las situaciones, por cambiar de fondo las malas pr\u00e1cticas y por barrer la casa desde adentro, para dar un mejor futuro a los hijos e hijas de todos los veracruzanos. En t\u00e9rminos muy coloquiales a tener un acceso a una educaci\u00f3n digna y de calidad.<\/strong><\/p>\n<p><strong>La hoy titular de la SEV, habla con el conocimiento que le dio ser docente por muchos a\u00f1os; aparte de eso es una mujer de lucha, incansable y trabajadora que saco adelante su empleo frente a grupo y a sus hijos con mucha honorabilidad.<\/strong><\/p>\n<p><strong>Hoy por hoy, la pr\u00e1ctica de la misoginia la vemos a muchos niveles, recientemente tenemos el caso del actor Rafael Incl\u00e1n que sin pensar tuvo la osad\u00eda de llamar \u201cama de casa\u201d a nuestra Presidenta. La misma Sheinbaum Pardo, le respondi\u00f3, \u201ctodas somos iguales\u201d y que uno de sus objetivos en su Gobierno es seguir erradicando la discriminaci\u00f3n.<\/strong><\/p>\n<p><strong>En su momento la misma ex jefa de Gobierno de la Ciudad de M\u00e9xico afirm\u00f3: \u201cpor ah\u00ed en las redes sale (Rafael Incl\u00e1n); esta palabra que se usa de sirvienta, que es terrible, terrible. No hay, eso es del Porfiriato, de la Colonia, son trabajadoras del hogar y hacen un trabajo digno, y tenemos que reconocerlas siempre y darle su seguridad social, entonces a todas las mujeres de M\u00e9xico vamos a reconocer, y al pueblo de M\u00e9xico\u201d, dijo Sheinbaum Pardo, soy ama de casa a mucho orgullo.<\/strong><\/p>\n<p><strong>Ahora por primera vez en muchos a\u00f1os, Claudia Tello tiene en sus manos la oportunidad de limpiar la SEV y devolverle la dignidad que estos corruptos le arrebataron, de igual forma guiada por otra mujer de lucha, Roc\u00edo Nahle no se dejaran amedrentar por un pu\u00f1ado se tipos con las peores pr\u00e1cticas y acostumbrados a no respetar la equidad de g\u00e9nero. <\/strong><\/p>\n<p><strong>En evidencia y sin mostrar el menor de los recatos o pudores, han quedado como mis\u00f3ginos y retrogradas y ahora luchan por recuperar sus canonj\u00edas y regresar aquellos que se aprovecharon del poder, como si sus pr\u00e1cticas fueran cosa normal.<\/strong><\/p>\n<p><strong>Es tiempo de resignaci\u00f3n para ellos, claro si es que quieren tenerla, pues ahora: la educaci\u00f3n est\u00e1 en buenas manos, as\u00ed griten y vociferen lo contrario.<\/strong><\/p>\n<p><strong>\u00a0<\/strong><\/p>\n<p><strong><em>Sextante<\/em><\/strong><\/p>\n<p><strong>Reporteros que cubren la fuente presidencial afirman que la ma\u00f1ana de este mi\u00e9rcoles la presidenta Claudia Sheinbaum se mostr\u00f3 molesta al responder las preguntas referentes al papel y el actuar del Senador Ad\u00e1n Augusto L\u00f3pez Hern\u00e1ndez respecto a la Reforma para acabar y combatir el Nepotismo que el tabasque\u00f1o por sus pistolas traslado hasta el a\u00f1o 2030.<\/strong><\/p>\n<p><strong>La presidenta debi\u00f3 justificar la acci\u00f3n ante el cuestionamiento de los reporteros, confirmando que Ad\u00e1n Augusto es un p\u00e9simo coordinador parlamentario, herencia del pasado reciente, al que habr\u00e1 de tolerar simplemente lo necesario.<\/strong><\/p>\n<p><strong>Se cree que la presidenta de M\u00e9xico, tome fuertes medidas, pues la actitud del ex secretario de Gobernaci\u00f3n es un arrebato m\u00e1s, dentro de su escalada por pretender hacerle al vivo y pretender erigirse en el l\u00edder indispensable, cuando todos saben que no es as\u00ed.<\/strong><\/p>\n<p><strong>Se afirma que ya se comenz\u00f3 analizar la posibilidad de mandar al insubordinado legislador como nuevo embajador a la zona m\u00e1s rec\u00f3ndita del planeta, hay quien incluso ya afirman lo enviar\u00e1n a Groenlandia a inflar burros por la corneta, o a bajar cocos en las playas de tan fr\u00edo y desolado territorio.<\/strong><\/p>\n<p><strong>\u00bfSer\u00e1?<\/strong><\/p>\n<p><strong>\u00a0<\/strong><\/p>\n<p><strong>Al tiempo.<\/strong><\/p>\n<p><img loading=\"lazy\" decoding=\"async\" class=\"alignnone wp-image-51330 size-full\" src=\"http:\/\/noticiasveracruz.com\/wp-content\/uploads\/2025\/02\/FIRMA-EDITORIAL-PD-7.jpg\" alt=\"\" width=\"1024\" height=\"125\" srcset=\"https:\/\/noticiasveracruz.com\/wp-content\/uploads\/2025\/02\/FIRMA-EDITORIAL-PD-7.jpg 1024w, https:\/\/noticiasveracruz.com\/wp-content\/uploads\/2025\/02\/FIRMA-EDITORIAL-PD-7-300x37.jpg 300w, https:\/\/noticiasveracruz.com\/wp-content\/uploads\/2025\/02\/FIRMA-EDITORIAL-PD-7-768x94.jpg 768w\" sizes=\"auto, (max-width: 1024px) 100vw, 1024px\" \/><\/p>\n","protected":false},"excerpt":{"rendered":"<p>\u201cConserva bien lo tuyo y no codicies lo ajeno. Si tal haces, nada podr\u00e1 impedirte el ser dichoso.\u201d \u2013 Epicteto.<\/p>\n","protected":false},"author":4,"featured_media":30989,"comment_status":"closed","ping_status":"closed","sticky":false,"template":"","format":"standard","meta":{"colormag_page_container_layout":"default_layout","colormag_page_sidebar_layout":"default_layout","_jetpack_memberships_contains_paid_content":false,"footnotes":"","jetpack_publicize_message":"","jetpack_publicize_feature_enabled":true,"jetpack_social_post_already_shared":true,"jetpack_social_options":{"image_generator_settings":{"template":"highway","default_image_id":0,"font":"","enabled":false},"version":2}},"categories":[6],"tags":[],"class_list":["post-51334","post","type-post","status-publish","format-standard","has-post-thumbnail","hentry","category-columnistas"],"jetpack_publicize_connections":[],"jetpack_featured_media_url":"https:\/\/noticiasveracruz.com\/wp-content\/uploads\/2024\/05\/LUIS-RAMIREZ-BAQUEIRO-800x445-1.png","jetpack_sharing_enabled":true,"publishpress_future_action":{"enabled":false,"date":"2026-05-10 02:30:31","action":"change-status","newStatus":"draft","terms":[],"taxonomy":"category","extraData":[]},"publishpress_future_workflow_manual_trigger":{"enabledWorkflows":[]},"_links":{"self":[{"href":"https:\/\/noticiasveracruz.com\/index.php\/wp-json\/wp\/v2\/posts\/51334","targetHints":{"allow":["GET"]}}],"collection":[{"href":"https:\/\/noticiasveracruz.com\/index.php\/wp-json\/wp\/v2\/posts"}],"about":[{"href":"https:\/\/noticiasveracruz.com\/index.php\/wp-json\/wp\/v2\/types\/post"}],"author":[{"embeddable":true,"href":"https:\/\/noticiasveracruz.com\/index.php\/wp-json\/wp\/v2\/users\/4"}],"replies":[{"embeddable":true,"href":"https:\/\/noticiasveracruz.com\/index.php\/wp-json\/wp\/v2\/comments?post=51334"}],"version-history":[{"count":0,"href":"https:\/\/noticiasveracruz.com\/index.php\/wp-json\/wp\/v2\/posts\/51334\/revisions"}],"wp:featuredmedia":[{"embeddable":true,"href":"https:\/\/noticiasveracruz.com\/index.php\/wp-json\/wp\/v2\/media\/30989"}],"wp:attachment":[{"href":"https:\/\/noticiasveracruz.com\/index.php\/wp-json\/wp\/v2\/media?parent=51334"}],"wp:term":[{"taxonomy":"category","embeddable":true,"href":"https:\/\/noticiasveracruz.com\/index.php\/wp-json\/wp\/v2\/categories?post=51334"},{"taxonomy":"post_tag","embeddable":true,"href":"https:\/\/noticiasveracruz.com\/index.php\/wp-json\/wp\/v2\/tags?post=51334"}],"curies":[{"name":"wp","href":"https:\/\/api.w.org\/{rel}","templated":true}]}}