{"id":51320,"date":"2025-02-28T00:18:48","date_gmt":"2025-02-28T06:18:48","guid":{"rendered":"https:\/\/noticiasveracruz.com\/?p=51320"},"modified":"2025-02-27T23:08:38","modified_gmt":"2025-02-28T05:08:38","slug":"acusan-periodistas-a-milei-por-anuncio-de-apagon-mediatico","status":"publish","type":"post","link":"https:\/\/noticiasveracruz.com\/index.php\/2025\/02\/28\/acusan-periodistas-a-milei-por-anuncio-de-apagon-mediatico\/","title":{"rendered":"Acusan periodistas a Milei por anuncio de &#8216;apag\u00f3n medi\u00e1tico&#8217;"},"content":{"rendered":"<p>El presidente ultraderechista Javier Milei garantiz\u00f3 este jueves que los jueces Ariel Lijo y Manuel Garc\u00eda Mansilla nombrados por decreto se integren este s\u00e1bado a la Corte Suprema cuando pronuncie un discurso ante el Congreso, en un nuevo desaf\u00edo a la Constituci\u00f3n, y tambi\u00e9n decidi\u00f3, por primera vez en la historia, que limitar\u00e1 la presencia de la prensa en momentos en que miles protestaron en esta capital contra su pol\u00edtica de \u201cmotosierra\u201d y ajuste que se traduce en m\u00e1s pobreza cada d\u00eda.<\/p>\n<p>Los periodistas no descartan un \u201capag\u00f3n medi\u00e1tico\u201d mientras hay advertencias de que se trata de encubrir con estos esc\u00e1ndalos los datos nuevos que surgen documentadamente sobre la responsabilidad del mandatario en la gran estafa de la criptomoneda .<\/p>\n<p>En este marco, el ministro de Econom\u00eda, Luis Caputo, confirm\u00f3 que se continuar\u00e1 con el ajuste a los jubilados, y ratific\u00f3 que no actualizar\u00e1 su bono, cuyo valor, congelado desde hace un a\u00f1o, se deval\u00faa cada mes cuando ya est\u00e1n en el sector de indigencia. Para justificar el ajuste, Caputo asegur\u00f3 que \u201cno nos dan las cuentas\u201d, lo que impide cualquier incremento a corto plazo. \u201cSi lo tenemos que aumentar, se lo tengo que sacar a alguien. Estamos recomponiendo jubilaciones a la misma vez que estamos ajustando el gasto\u201d<\/p>\n<p>Milei sigue as\u00ed utilizando la motosierra contra los m\u00e1s afectados por su brutal ajuste y adem\u00e1s los jubilados son reprimidos como sucedi\u00f3 en su marcha pac\u00edfica de todos los mi\u00e9rcoles ante el Congreso; les arrojaron gas pimienta y los golpearon con saldo de heridos, lesionados y dos detenidos.<\/p>\n<p>Hab\u00eda m\u00e1s integrantes de fuerzas de seguridad que manifestantes lo que caus\u00f3 una protesta masiva de sindicatos y organismos sociales entre otros.<\/p>\n<p>Miles de m\u00e9dicos, enfermeros y pacientes realizaron la tarde de este jueves la Marcha Federal de la Salud, mientras que el gobierno tuvo que retroceder ante una resoluci\u00f3n oficial en la que el gobierno de Milei utiliz\u00f3 los t\u00e9rminos de \u201cidiota\u201d \u201cimb\u00e9cil\u201d y \u201cretardado\u201d entre otros al referirse a la personas con discapacidad, a quienes se aplica el ajuste y la motosierra.<\/p>\n<p>Ana Dones, conocida por su defensa de discapacitados en la Red por los Derechos de las Personas con Discapacidad (Redes), al denunciar esta situaci\u00f3n dijo que estas palabras simbolizan \u201clo que los funcionarios del gobierno est\u00e1n haciendo contra los discapacitados\u201d.<\/p>\n<p>Es un gesto brutalmente discriminatorio y cruel, denunciaron organismos humanitarios, lo que oblig\u00f3 a los funcionarios a retroceder, y justificar que fue un \u201cerror derivado del uso de conceptos pertenecientes a una terminolog\u00eda obsoleta\u00bb.<br \/>\nSe inform\u00f3 que el presidente Donald Trump impulsa medidas para terminar con los organismos que controlan el sector de monedas virtuales cambiando r\u00e1pidamente a las autoridades de la SEC (Securitie and Exchange Comission), lo que afectar\u00e1 las investigaciones sobre las criptomonedas.<\/p>\n<p>\u201cEn Argentina, el organismo equivalente, la Comisi\u00f3n Nacional de Valores (CNV), est\u00e1 infiltrada por asesores vinculados al caso $Libra, que influyen en desregulaciones, mientras la pesquisa interna de la OA (Oficina Anticorrupci\u00f3n) ya comunica que s\u00f3lo har\u00e1 una colecta de datos\u00bb, advierte Leandro Renou en\u00a0<i>P\u00e1gina \/12<\/i>\u00a0. A\u00f1ade \u201cque el tel\u00f3n de fondo del esc\u00e1ndalo global de $Libra, la criptoestafa que el presidente Javier Milei promocion\u00f3 en sus redes sociales, en Estados Unidos y en Argentina los gobiernos parecen haber decidido actuar en espejo para encubrir presuntas irregularidades y posibles delitos de las firmas del sector\u201d.<\/p>\n<p>Se analiza que es muy grave para Argentina ya que \u201cser\u00e1 muy dif\u00edcil que los reguladores de Estados Unidos se ocupen con seriedad del caso Milei y la criptoestafa, a\u00fan cuando hay operadores de ese pa\u00eds vinculados a la estafa, pero tambi\u00e9n llegan expresiones del gobierno de Trump advirtiendo que mientras Milei siga siendo presidente tendr\u00e1 inmunidad\u201d.<\/p>\n<p>El presidente argentino decidi\u00f3 crear una Comisi\u00f3n de Investigaci\u00f3n sobre el magafraude de $Libra, a cargo de Mar\u00eda Florencia Zicavo, jefa de Gabinete del ministerio de Justicia. Es decir que se autoinvestigar\u00e1 a s\u00ed mismo, denuncian aqu\u00ed juristas. Milei y su entorno insisten en que desaparezca una comisi\u00f3n del Parlamento que investiga el esc\u00e1ndalo.<\/p>\n<p>\u201cEs incre\u00edble el desconocimiento que tiene Milei de las bases del derecho constitucional. Las figuras que encuadra son abuso de poder e incumplimiento de deberes de funcionario p\u00fablico\u00bb, manifest\u00f3 Daniel Sabsay, abogado constitucionalista que nada tiene que ver con la izquierda, y director de la carrera de posgrado en Derecho Constitucional de la Universidad de Buenos Aires, quien a\u00f1adi\u00f3: \u201ces como si se estuviera investigando a s\u00ed mismo\u201d.<\/p>\n<p>Una cantidad de nuevas medidas que afectan a diversos sectores de la poblaci\u00f3n, as\u00ed como declinaci\u00f3n de la soberan\u00eda nacional son anunciadas casi cada hora. Una ola de aumentos han logrado que 60 por ciento de la poblaci\u00f3n haya dejado de consumir, nada menos que alimentos, mientras se denuncia que con el ministerio de Seguridad se estar\u00eda implementando la posibilidad de que pueda ser preparado cualquier episodio de violencia, que permitir\u00eda al gobierno imponer un estado de sitio. Algo que se estar\u00e1 denunciando en las pr\u00f3ximas horas.<\/p>\n","protected":false},"excerpt":{"rendered":"<p>El presidente ultraderechista Javier Milei garantiz\u00f3 este jueves que los jueces Ariel Lijo y Manuel Garc\u00eda Mansilla nombrados por decreto<\/p>\n","protected":false},"author":4,"featured_media":51321,"comment_status":"closed","ping_status":"closed","sticky":false,"template":"","format":"standard","meta":{"colormag_page_container_layout":"default_layout","colormag_page_sidebar_layout":"default_layout","_jetpack_memberships_contains_paid_content":false,"footnotes":"","jetpack_publicize_message":"","jetpack_publicize_feature_enabled":true,"jetpack_social_post_already_shared":true,"jetpack_social_options":{"image_generator_settings":{"template":"highway","default_image_id":0,"font":"","enabled":false},"version":2}},"categories":[355],"tags":[],"class_list":["post-51320","post","type-post","status-publish","format-standard","has-post-thumbnail","hentry","category-internacional"],"jetpack_publicize_connections":[],"jetpack_featured_media_url":"https:\/\/noticiasveracruz.com\/wp-content\/uploads\/2025\/02\/MIL-2.jpg","jetpack_sharing_enabled":true,"publishpress_future_action":{"enabled":false,"date":"2026-05-10 06:46:10","action":"change-status","newStatus":"draft","terms":[],"taxonomy":"category","extraData":[]},"publishpress_future_workflow_manual_trigger":{"enabledWorkflows":[]},"_links":{"self":[{"href":"https:\/\/noticiasveracruz.com\/index.php\/wp-json\/wp\/v2\/posts\/51320","targetHints":{"allow":["GET"]}}],"collection":[{"href":"https:\/\/noticiasveracruz.com\/index.php\/wp-json\/wp\/v2\/posts"}],"about":[{"href":"https:\/\/noticiasveracruz.com\/index.php\/wp-json\/wp\/v2\/types\/post"}],"author":[{"embeddable":true,"href":"https:\/\/noticiasveracruz.com\/index.php\/wp-json\/wp\/v2\/users\/4"}],"replies":[{"embeddable":true,"href":"https:\/\/noticiasveracruz.com\/index.php\/wp-json\/wp\/v2\/comments?post=51320"}],"version-history":[{"count":0,"href":"https:\/\/noticiasveracruz.com\/index.php\/wp-json\/wp\/v2\/posts\/51320\/revisions"}],"wp:featuredmedia":[{"embeddable":true,"href":"https:\/\/noticiasveracruz.com\/index.php\/wp-json\/wp\/v2\/media\/51321"}],"wp:attachment":[{"href":"https:\/\/noticiasveracruz.com\/index.php\/wp-json\/wp\/v2\/media?parent=51320"}],"wp:term":[{"taxonomy":"category","embeddable":true,"href":"https:\/\/noticiasveracruz.com\/index.php\/wp-json\/wp\/v2\/categories?post=51320"},{"taxonomy":"post_tag","embeddable":true,"href":"https:\/\/noticiasveracruz.com\/index.php\/wp-json\/wp\/v2\/tags?post=51320"}],"curies":[{"name":"wp","href":"https:\/\/api.w.org\/{rel}","templated":true}]}}