{"id":51317,"date":"2025-02-28T00:17:55","date_gmt":"2025-02-28T06:17:55","guid":{"rendered":"https:\/\/noticiasveracruz.com\/?p=51317"},"modified":"2025-02-27T23:06:47","modified_gmt":"2025-02-28T05:06:47","slug":"cuba-reporta-el-arribo-de-104-migrantes-deportados-desde-eu","status":"publish","type":"post","link":"https:\/\/noticiasveracruz.com\/index.php\/2025\/02\/28\/cuba-reporta-el-arribo-de-104-migrantes-deportados-desde-eu\/","title":{"rendered":"Cuba reporta el arribo de 104 migrantes deportados desde EU"},"content":{"rendered":"<p>Cuba recibi\u00f3 el jueves a 104 migrantes deportados de Estados Unidos por avi\u00f3n, la primera operaci\u00f3n por esta v\u00eda de la que el gobierno de la isla informa oficialmente desde la investidura del presidente Donald Trump.<\/p>\n<p>En una breve nota de prensa, la Canciller\u00eda indic\u00f3 que se produjo \u201cla devoluci\u00f3n a Cuba de 104 migrantes irregulares &#8211;84 hombres, 19 mujeres y un menor&#8211;, en vuelo procedente de Estados Unidos por el aeropuerto internacional Jos\u00e9 Mart\u00ed\u201d.<\/p>\n<p>Aunque la nota de la Canciller\u00eda no ofreci\u00f3 casi ning\u00fan detalle sobre las personas deportadas, s\u00ed indic\u00f3 que una de ellas fue entregada a las autoridades policiales porque presuntamente hab\u00eda cometido \u201chechos delictivos antes de salir del pa\u00eds\u201d, y otras dos fueron \u00abdetenidas por abandonar el pa\u00eds ilegalmente mientras se encontraban en libertad condicional\u201d.<\/p>\n<p>Trump inici\u00f3 su gobierno el 20 de enero e implement\u00f3 una fuerte ofensiva de deportaci\u00f3n de migrantes desde el territorio norteamericano hacia sus pa\u00edses de origen. A la larga algunas personas fueron enviadas a la base naval de Guant\u00e1namo, ubicada en el oriente de Cuba.<\/p>\n<p>Cuba rechaz\u00f3 el proyecto de Washington de usar la base naval \u2013que sigue bajo control estadunidense pese a que el gobierno cubano ha exigido su devoluci\u00f3n\u2014 para el encarcelamiento de migrantes.<\/p>\n","protected":false},"excerpt":{"rendered":"<p>Cuba recibi\u00f3 el jueves a 104 migrantes deportados de Estados Unidos por avi\u00f3n, la primera operaci\u00f3n por esta v\u00eda de<\/p>\n","protected":false},"author":4,"featured_media":51318,"comment_status":"closed","ping_status":"closed","sticky":false,"template":"","format":"standard","meta":{"colormag_page_container_layout":"default_layout","colormag_page_sidebar_layout":"default_layout","_jetpack_memberships_contains_paid_content":false,"footnotes":"","jetpack_publicize_message":"","jetpack_publicize_feature_enabled":true,"jetpack_social_post_already_shared":true,"jetpack_social_options":{"image_generator_settings":{"template":"highway","default_image_id":0,"font":"","enabled":false},"version":2}},"categories":[355],"tags":[],"class_list":["post-51317","post","type-post","status-publish","format-standard","has-post-thumbnail","hentry","category-internacional"],"jetpack_publicize_connections":[],"jetpack_featured_media_url":"https:\/\/noticiasveracruz.com\/wp-content\/uploads\/2025\/02\/01000000-0aff-0242-ef2f-08db8a04cecd_w408_r1.jpg","jetpack_sharing_enabled":true,"publishpress_future_action":{"enabled":false,"date":"2026-05-10 04:35:51","action":"change-status","newStatus":"draft","terms":[],"taxonomy":"category","extraData":[]},"publishpress_future_workflow_manual_trigger":{"enabledWorkflows":[]},"_links":{"self":[{"href":"https:\/\/noticiasveracruz.com\/index.php\/wp-json\/wp\/v2\/posts\/51317","targetHints":{"allow":["GET"]}}],"collection":[{"href":"https:\/\/noticiasveracruz.com\/index.php\/wp-json\/wp\/v2\/posts"}],"about":[{"href":"https:\/\/noticiasveracruz.com\/index.php\/wp-json\/wp\/v2\/types\/post"}],"author":[{"embeddable":true,"href":"https:\/\/noticiasveracruz.com\/index.php\/wp-json\/wp\/v2\/users\/4"}],"replies":[{"embeddable":true,"href":"https:\/\/noticiasveracruz.com\/index.php\/wp-json\/wp\/v2\/comments?post=51317"}],"version-history":[{"count":0,"href":"https:\/\/noticiasveracruz.com\/index.php\/wp-json\/wp\/v2\/posts\/51317\/revisions"}],"wp:featuredmedia":[{"embeddable":true,"href":"https:\/\/noticiasveracruz.com\/index.php\/wp-json\/wp\/v2\/media\/51318"}],"wp:attachment":[{"href":"https:\/\/noticiasveracruz.com\/index.php\/wp-json\/wp\/v2\/media?parent=51317"}],"wp:term":[{"taxonomy":"category","embeddable":true,"href":"https:\/\/noticiasveracruz.com\/index.php\/wp-json\/wp\/v2\/categories?post=51317"},{"taxonomy":"post_tag","embeddable":true,"href":"https:\/\/noticiasveracruz.com\/index.php\/wp-json\/wp\/v2\/tags?post=51317"}],"curies":[{"name":"wp","href":"https:\/\/api.w.org\/{rel}","templated":true}]}}