{"id":5129,"date":"2022-06-09T08:19:09","date_gmt":"2022-06-09T13:19:09","guid":{"rendered":"https:\/\/noticiasveracruz.com\/?p=5129"},"modified":"2022-06-09T08:20:01","modified_gmt":"2022-06-09T13:20:01","slug":"democracia-en-igualdad","status":"publish","type":"post","link":"https:\/\/noticiasveracruz.com\/index.php\/2022\/06\/09\/democracia-en-igualdad\/","title":{"rendered":"Democracia en igualdad"},"content":{"rendered":"<p>&nbsp;<\/p>\n<p class=\"p1\"><span style=\"font-size: 18pt;\"><strong>Por Luis Ram\u00edrez Baqueiro<\/strong><\/span><\/p>\n<p>&nbsp;<\/p>\n<p class=\"p1\"><em><span style=\"font-size: 18pt;\"><strong>\u201cEl deber de una persona est\u00e1 all\u00ed donde es m\u00e1s \u00fatil\u201d <\/strong><\/span><\/em><\/p>\n<p class=\"p1\"><span style=\"font-size: 18pt;\">\u2013 Jos\u00e9 Mart\u00ed \u2013<\/span><\/p>\n<p>&nbsp;<\/p>\n<p class=\"p1\"><span style=\"font-size: 14pt;\">Una de las principales ense\u00f1anzas que nos ha dejado el pasado proceso electoral en donde se disputaron 6 gubernaturas, fue observar la inequidad y desigualdad con el que se desarrollan las campa\u00f1as pol\u00edticas.<\/span><\/p>\n<p class=\"p1\"><span style=\"font-size: 14pt;\">Porque seguramente reconoce usted, que no es posible competir, cuando los candidatos oficiales, pueden pasearse a lo largo y ancho de sus distritos presumiendo los beneficios y la gran nobleza del presidente Andr\u00e9s Manuel L\u00f3pez Obrador, basadas en la entrega de apoyos gubernamentales, bajo el rubro de Programas del Bienestar.<\/span><\/p>\n<p class=\"p1\"><span style=\"font-size: 14pt;\">Aun cuando, la Constituci\u00f3n Pol\u00edtica de los Estados Unidos Mexicanos en su Cap\u00edtulo IV De los Ciudadanos Mexicanos en su articulado Art\u00edculo 35 se\u00f1ala cuales son los derechos de la ciudadan\u00eda, en ning\u00fan lado se contempla, el factor que implica el participar en las elecciones con el componente de ser beneficiario de programas sociales.<\/span><\/p>\n<p class=\"p1\"><span style=\"font-size: 18pt;\"><strong>As\u00ed, aun cuando la Constituci\u00f3n se\u00f1ala, \u201cSon derechos de la ciudadan\u00eda\u201d:<\/strong><\/span><\/p>\n<p class=\"p1\"><strong><span style=\"font-size: 18pt;\">\u00a0I. Votar en las elecciones populares;<\/span><\/strong><\/p>\n<p class=\"p1\"><strong><span style=\"font-size: 18pt;\">\u00a0II. Poder ser votada en condiciones de paridad para todos los cargos de elecci\u00f3n popular, teniendo las calidades que establezca la ley. El derecho de solicitar el registro de candidatos y candidatas ante la autoridad electoral corresponde a los partidos pol\u00edticos, as\u00ed como a los ciudadanos y las ciudadanas que soliciten su registro de manera independiente y cumplan con los requisitos, condiciones y t\u00e9rminos que determine la legislaci\u00f3n;<\/span><\/strong><\/p>\n<p class=\"p1\"><strong><span style=\"font-size: 18pt;\">\u00a0III. Asociarse individual y libremente para tomar parte en forma pac\u00edfica en los asuntos pol\u00edticos del pa\u00eds.<\/span><\/strong><\/p>\n<p class=\"p1\"><span style=\"font-size: 14pt;\">La realidad es que el factor incidental de los programas de bienestar en los resultados electorales es la condici\u00f3n de hacer o no fuerte a determinado proyecto pol\u00edtico.<\/span><\/p>\n<p class=\"p1\"><span style=\"font-size: 14pt;\">Ser\u00eda buen momento de ver, cu\u00e1ntos de nuestros representantes populares estar\u00edan dispuestos a impulsar una gran reforma pol\u00edtica-electoral, que considere la renuncia voluntaria del beneficio al acceso al Programa del Bienestar para participar en la jornada comicial como ciudadano con plenos derechos pol\u00edticos.<\/span><\/p>\n<p class=\"p1\"><span style=\"font-size: 14pt;\">Y s\u00ed, ser\u00eda interesante cuestionarnos, cuantos de los ciudadanos que en al menos las 6 entidades que el pasado 5 de junio votaron para renovar a sus gobernadores habr\u00edan votado como lo hicieron, si hubieran renunciado un a\u00f1o antes al acceso al beneficio de un Programa benefactor, para estar ahora s\u00ed en condiciones de votar en igualdad y equilibrio en favor de quienes sea los candidatos para el proceso electoral que se desarroll\u00f3.<\/span><\/p>\n<p class=\"p1\"><span style=\"font-size: 14pt;\">Y es que simplemente pi\u00e9nselo, \u00bfusted cree que todos esos adultos mayores, o estudiantes, o presuntos emprendedores, o primeros trabajadores lo habr\u00edan hecho como lo hicieron si de por medio, no hubiera recurso p\u00fablico de por medio?<\/span><\/p>\n<p class=\"p1\"><span style=\"font-size: 14pt;\">No lo sabremos a menos que lo implementemos, porque es una realidad, as\u00ed como el mismo presidente Andr\u00e9s Manuel L\u00f3pez Obrador promovi\u00f3 elevar los Programas de Bienestar a rango constitucional, para que no sean eliminados por ninguna otra administraci\u00f3n, la realidad, es que el factor oferta vs beneficio que le brinda ser el Estado Protector, se termina reflejando operacionalmente en las campa\u00f1as electorales.<\/span><\/p>\n<p class=\"p1\"><span style=\"font-size: 14pt;\">Y sino, que le pregunten a las diputadas federales veracruzanas, Paola Tenorio Adame y Martha Rosa Morales quienes en plena campa\u00f1a en Durango acudieron a una organizaci\u00f3n llamada Mujeres Emprendedoras, que tiene a su cargo a chicos del programa \u201cJ\u00f3venes Construyendo el Futuro\u201d a amenazar a la beneficiaria para que votaran por Morena.\u00a0<a href=\"https:\/\/www.reporteindigo.com\/reporte\/diputadas-de-morena-amenazan-con-quitar-apoyos-en-durango-por-no-apoyar-al-partido-audio\/\">https:\/\/www.reporteindigo.com\/reporte\/diputadas-de-morena-amenazan-con-quitar-apoyos-en-durango-por-no-apoyar-al-partido-audio\/<\/a><\/span><\/p>\n<p class=\"p1\"><span style=\"font-size: 14pt;\">En Veracruz al menos, un legislador tiene claro ya este posible ejercicio y lo tiene bien documentado, la iniciativa ser\u00e1 propuesta por el tambi\u00e9n presidente del Comit\u00e9 Directivo Estatal del PRI, Marlon Ram\u00edrez Mar\u00edn, quien afirma, si damos un paso hacia la eliminaci\u00f3n de este tipo de vicios democr\u00e1ticos veremos un verdadero equilibrio de las fuerzas pol\u00edticas.<\/span><\/p>\n<p class=\"p1\"><span style=\"font-size: 14pt;\">Porque lo que hoy vemos como hegemon\u00eda de Morena, es simplemente producto del uso de una especie de alcaloide \u2013traducido en esos Programas de Bienestar- que potencia su aparente poder\u00edo en las urnas.<\/span><\/p>\n<p>&nbsp;<\/p>\n<p class=\"p1\"><strong><span style=\"font-size: 18pt;\">Al tiempo.<\/span><\/strong><\/p>\n<p>&nbsp;<\/p>\n<p>&nbsp;<\/p>\n<p class=\"p1\"><strong><span style=\"font-size: 18pt;\">Correo: <a href=\"mailto:astrolabiopoliticomx@gmail.com\">astrolabiopoliticomx@gmail.com<\/a><\/span><\/strong><\/p>\n<p class=\"p1\"><strong><span style=\"font-size: 18pt;\">Twitter: <a href=\"http:\/\/www.twitter.com\/LuisBaqueiro_mx\">@LuisBaqueiro_mx<\/a><\/span><\/strong><\/p>\n<p>&nbsp;<\/p>\n<p>&nbsp;<\/p>\n<p>&nbsp;<\/p>\n","protected":false},"excerpt":{"rendered":"<p>&nbsp; Por Luis Ram\u00edrez Baqueiro &nbsp; \u201cEl deber de una persona est\u00e1 all\u00ed donde es m\u00e1s \u00fatil\u201d \u2013 Jos\u00e9 Mart\u00ed<\/p>\n","protected":false},"author":4,"featured_media":3572,"comment_status":"closed","ping_status":"closed","sticky":false,"template":"","format":"standard","meta":{"colormag_page_container_layout":"default_layout","colormag_page_sidebar_layout":"default_layout","_jetpack_memberships_contains_paid_content":false,"footnotes":"","jetpack_publicize_message":"","jetpack_publicize_feature_enabled":true,"jetpack_social_post_already_shared":false,"jetpack_social_options":{"image_generator_settings":{"template":"highway","default_image_id":0,"font":"","enabled":false},"version":2}},"categories":[6],"tags":[],"class_list":["post-5129","post","type-post","status-publish","format-standard","has-post-thumbnail","hentry","category-columnistas"],"jetpack_publicize_connections":[],"jetpack_featured_media_url":"https:\/\/noticiasveracruz.com\/wp-content\/uploads\/2022\/04\/LUIS-RAMI\u0301REZ-BAQUEIRO.png","jetpack_sharing_enabled":true,"publishpress_future_action":{"enabled":false,"date":"2026-05-07 06:53:28","action":"change-status","newStatus":"draft","terms":[],"taxonomy":"category","extraData":[]},"publishpress_future_workflow_manual_trigger":{"enabledWorkflows":[]},"_links":{"self":[{"href":"https:\/\/noticiasveracruz.com\/index.php\/wp-json\/wp\/v2\/posts\/5129","targetHints":{"allow":["GET"]}}],"collection":[{"href":"https:\/\/noticiasveracruz.com\/index.php\/wp-json\/wp\/v2\/posts"}],"about":[{"href":"https:\/\/noticiasveracruz.com\/index.php\/wp-json\/wp\/v2\/types\/post"}],"author":[{"embeddable":true,"href":"https:\/\/noticiasveracruz.com\/index.php\/wp-json\/wp\/v2\/users\/4"}],"replies":[{"embeddable":true,"href":"https:\/\/noticiasveracruz.com\/index.php\/wp-json\/wp\/v2\/comments?post=5129"}],"version-history":[{"count":0,"href":"https:\/\/noticiasveracruz.com\/index.php\/wp-json\/wp\/v2\/posts\/5129\/revisions"}],"wp:featuredmedia":[{"embeddable":true,"href":"https:\/\/noticiasveracruz.com\/index.php\/wp-json\/wp\/v2\/media\/3572"}],"wp:attachment":[{"href":"https:\/\/noticiasveracruz.com\/index.php\/wp-json\/wp\/v2\/media?parent=5129"}],"wp:term":[{"taxonomy":"category","embeddable":true,"href":"https:\/\/noticiasveracruz.com\/index.php\/wp-json\/wp\/v2\/categories?post=5129"},{"taxonomy":"post_tag","embeddable":true,"href":"https:\/\/noticiasveracruz.com\/index.php\/wp-json\/wp\/v2\/tags?post=5129"}],"curies":[{"name":"wp","href":"https:\/\/api.w.org\/{rel}","templated":true}]}}