{"id":51284,"date":"2025-02-28T00:06:10","date_gmt":"2025-02-28T06:06:10","guid":{"rendered":"https:\/\/noticiasveracruz.com\/?p=51284"},"modified":"2025-02-27T22:46:56","modified_gmt":"2025-02-28T04:46:56","slug":"reciben-diputados-minuta-de-reforma-para-fortalecer-soberania-nacional","status":"publish","type":"post","link":"https:\/\/noticiasveracruz.com\/index.php\/2025\/02\/28\/reciben-diputados-minuta-de-reforma-para-fortalecer-soberania-nacional\/","title":{"rendered":"Reciben diputados minuta de reforma para fortalecer soberan\u00eda nacional"},"content":{"rendered":"<p class=\"nota-justify\">La C\u00e1mara de Diputados recibi\u00f3 este jueves del Senado la minuta de la reforma propuesta por la presidenta Claudia Sheinbaum Pardo mediante la cual se modifican los art\u00edculos 19 y 40 de la Constituci\u00f3n, cuyo prop\u00f3sito es fortalecer la soberan\u00eda nacional, para rechazar acciones injerencistas y castigar con severidad el tr\u00e1fico de armas.<\/p>\n<p class=\"nota-justify\">\u201cRecibimos en la C\u00e1mara de Diputados la minuta por la que se reforman los art\u00edculos 19 y 40 constitucionales, a iniciativa de la Presidenta Claudia Shienbaum, en materia de defensa y fortalecimiento de la soberan\u00eda nacional. Con prioridad, legislaremos para proteger a la naci\u00f3n\u201d, public\u00f3 en X el presidente de la Junta de Coordinaci\u00f3n Pol\u00edtica, Ricardo Monreal.<\/p>\n<p class=\"nota-justify\">Tras haber sido recibida de manera oficial en San L\u00e1zaro, la iniciativa ser\u00e1 enviada a comisiones para su an\u00e1lisis y posterior aprobaci\u00f3n.<\/p>\n<p class=\"nota-justify\">Como se ha informado en este diario, la iniciativa establece que el pa\u00eds \u201cbajo ninguna circunstancia aceptar\u00e1 intervenciones ni intromisiones\u201d y plantea que cualquier persona involucrada en tr\u00e1fico de armas, o a cualquier extranjero que realice actividades al margen de la ley, \u201cse le impondr\u00e1 la pena m\u00e1s severa posible\u201d y ser\u00e1 sujeto de la prisi\u00f3n preventiva oficiosa\u201d.<\/p>\n<p class=\"nota-justify\">El pasado 20 de febrero, d\u00eda en que Sheinbaum envi\u00f3 al Congreso dicho proyecto, la mandataria indic\u00f3 que est\u00e1 trabajando en torno a la demanda de M\u00e9xico contra las productoras y distribuidoras de armas, a fin ampliarla e incluir como responsables por complicidad a aquellos que vendan armas que son introducidas a territorio nacional.<\/p>\n<p class=\"nota-justify\">Lo anterior, dijo en aquel momento, luego de que el Departamento de Justicia estadunidense reconociera que 74 por ciento de las armas incautadas en M\u00e9xico provienen de su vecino del norte.<\/p>\n","protected":false},"excerpt":{"rendered":"<p>La C\u00e1mara de Diputados recibi\u00f3 este jueves del Senado la minuta de la reforma propuesta por la presidenta Claudia Sheinbaum<\/p>\n","protected":false},"author":4,"featured_media":51285,"comment_status":"closed","ping_status":"closed","sticky":false,"template":"","format":"standard","meta":{"colormag_page_container_layout":"default_layout","colormag_page_sidebar_layout":"default_layout","_jetpack_memberships_contains_paid_content":false,"footnotes":"","jetpack_publicize_message":"","jetpack_publicize_feature_enabled":true,"jetpack_social_post_already_shared":true,"jetpack_social_options":{"image_generator_settings":{"template":"highway","default_image_id":0,"font":"","enabled":false},"version":2}},"categories":[4],"tags":[],"class_list":["post-51284","post","type-post","status-publish","format-standard","has-post-thumbnail","hentry","category-nacional"],"jetpack_publicize_connections":[],"jetpack_featured_media_url":"https:\/\/noticiasveracruz.com\/wp-content\/uploads\/2025\/02\/SD.jpg","jetpack_sharing_enabled":true,"publishpress_future_action":{"enabled":false,"date":"2026-05-08 13:02:23","action":"change-status","newStatus":"draft","terms":[],"taxonomy":"category","extraData":[]},"publishpress_future_workflow_manual_trigger":{"enabledWorkflows":[]},"_links":{"self":[{"href":"https:\/\/noticiasveracruz.com\/index.php\/wp-json\/wp\/v2\/posts\/51284","targetHints":{"allow":["GET"]}}],"collection":[{"href":"https:\/\/noticiasveracruz.com\/index.php\/wp-json\/wp\/v2\/posts"}],"about":[{"href":"https:\/\/noticiasveracruz.com\/index.php\/wp-json\/wp\/v2\/types\/post"}],"author":[{"embeddable":true,"href":"https:\/\/noticiasveracruz.com\/index.php\/wp-json\/wp\/v2\/users\/4"}],"replies":[{"embeddable":true,"href":"https:\/\/noticiasveracruz.com\/index.php\/wp-json\/wp\/v2\/comments?post=51284"}],"version-history":[{"count":0,"href":"https:\/\/noticiasveracruz.com\/index.php\/wp-json\/wp\/v2\/posts\/51284\/revisions"}],"wp:featuredmedia":[{"embeddable":true,"href":"https:\/\/noticiasveracruz.com\/index.php\/wp-json\/wp\/v2\/media\/51285"}],"wp:attachment":[{"href":"https:\/\/noticiasveracruz.com\/index.php\/wp-json\/wp\/v2\/media?parent=51284"}],"wp:term":[{"taxonomy":"category","embeddable":true,"href":"https:\/\/noticiasveracruz.com\/index.php\/wp-json\/wp\/v2\/categories?post=51284"},{"taxonomy":"post_tag","embeddable":true,"href":"https:\/\/noticiasveracruz.com\/index.php\/wp-json\/wp\/v2\/tags?post=51284"}],"curies":[{"name":"wp","href":"https:\/\/api.w.org\/{rel}","templated":true}]}}