{"id":51278,"date":"2025-02-28T00:04:10","date_gmt":"2025-02-28T06:04:10","guid":{"rendered":"https:\/\/noticiasveracruz.com\/?p=51278"},"modified":"2025-02-27T22:34:20","modified_gmt":"2025-02-28T04:34:20","slug":"anuncia-nahle-mejoras-al-haev","status":"publish","type":"post","link":"https:\/\/noticiasveracruz.com\/index.php\/2025\/02\/28\/anuncia-nahle-mejoras-al-haev\/","title":{"rendered":"Anuncia Nahle mejoras al HAEV"},"content":{"rendered":"<p>En su compromiso por mejorar la calidad de los servicios de salud y garantizar una atenci\u00f3n digna, la gobernadora Roc\u00edo Nahle Garc\u00eda supervis\u00f3 el Hospital Regional de Alta Especialidad de Veracruz (HAEV) y la Torre Pedi\u00e1trica, acompa\u00f1ada del director general del IMSS-Bienestar, Alejandro Svarch P\u00e9rez.<\/p>\n<p>Junto con el secretario de Salud, Valent\u00edn Herrera Alarc\u00f3n, evalu\u00f3 el abasto de medicamentos y la infraestructura de m\u00e1s de 800 unidades m\u00e9dicas, de las cuales m\u00e1s de 60 forman parte del programa IMSS-Bienestar.<\/p>\n<p>\u201cTenemos que avanzar con firmeza, especialmente en el suministro de medicamentos y la calidad de la atenci\u00f3n, tambi\u00e9n estamos revisando la infraestructura, como techos y camas. El director Svarch ha se\u00f1alado la necesidad de renovar muchas de ellas para ofrecer mejores condiciones a los pacientes\u201d, destac\u00f3.<\/p>\n<p>En cuanto a la Torre Pedi\u00e1trica, la Mandataria inform\u00f3 que se trabaja en la habilitaci\u00f3n de los pisos 7 y 8, que llevaban a\u00f1os sin ser utilizados, con el objetivo de ampliar la capacidad de atenci\u00f3n infantil.<\/p>\n<p>\u201cNo presentan da\u00f1o estructural, por lo que los rehabilitaremos para disponer de m\u00e1s camas y recibir a m\u00e1s ni\u00f1os que requieran atenci\u00f3n, este esfuerzo se llevar\u00e1 a cabo en coordinaci\u00f3n entre el IMSS-Bienestar y el Gobierno del Estado\u201d, explic\u00f3.<\/p>\n<p>Durante su recorrido, la Gobernadora tambi\u00e9n atendi\u00f3 a familiares de pacientes que pernoctan en las inmediaciones del Hospital y anunci\u00f3 la habilitaci\u00f3n de una sala de espera para brindarles mayor comodidad.<\/p>\n<p>\u201cAnte la falta de albergues, estamos adecuando un espacio para que los familiares puedan esperar a sus seres queridos en mejores condiciones\u201d, asegur\u00f3.<\/p>\n","protected":false},"excerpt":{"rendered":"<p>En su compromiso por mejorar la calidad de los servicios de salud y garantizar una atenci\u00f3n digna, la gobernadora Roc\u00edo<\/p>\n","protected":false},"author":4,"featured_media":51279,"comment_status":"closed","ping_status":"closed","sticky":false,"template":"","format":"standard","meta":{"colormag_page_container_layout":"default_layout","colormag_page_sidebar_layout":"default_layout","_jetpack_memberships_contains_paid_content":false,"footnotes":"","jetpack_publicize_message":"","jetpack_publicize_feature_enabled":true,"jetpack_social_post_already_shared":true,"jetpack_social_options":{"image_generator_settings":{"template":"highway","default_image_id":0,"font":"","enabled":false},"version":2}},"categories":[356],"tags":[],"class_list":["post-51278","post","type-post","status-publish","format-standard","has-post-thumbnail","hentry","category-veracruz"],"jetpack_publicize_connections":[],"jetpack_featured_media_url":"https:\/\/noticiasveracruz.com\/wp-content\/uploads\/2025\/02\/9a-20-scaled.jpg","jetpack_sharing_enabled":true,"publishpress_future_action":{"enabled":false,"date":"2026-05-08 11:28:29","action":"change-status","newStatus":"draft","terms":[],"taxonomy":"category","extraData":[]},"publishpress_future_workflow_manual_trigger":{"enabledWorkflows":[]},"_links":{"self":[{"href":"https:\/\/noticiasveracruz.com\/index.php\/wp-json\/wp\/v2\/posts\/51278","targetHints":{"allow":["GET"]}}],"collection":[{"href":"https:\/\/noticiasveracruz.com\/index.php\/wp-json\/wp\/v2\/posts"}],"about":[{"href":"https:\/\/noticiasveracruz.com\/index.php\/wp-json\/wp\/v2\/types\/post"}],"author":[{"embeddable":true,"href":"https:\/\/noticiasveracruz.com\/index.php\/wp-json\/wp\/v2\/users\/4"}],"replies":[{"embeddable":true,"href":"https:\/\/noticiasveracruz.com\/index.php\/wp-json\/wp\/v2\/comments?post=51278"}],"version-history":[{"count":0,"href":"https:\/\/noticiasveracruz.com\/index.php\/wp-json\/wp\/v2\/posts\/51278\/revisions"}],"wp:featuredmedia":[{"embeddable":true,"href":"https:\/\/noticiasveracruz.com\/index.php\/wp-json\/wp\/v2\/media\/51279"}],"wp:attachment":[{"href":"https:\/\/noticiasveracruz.com\/index.php\/wp-json\/wp\/v2\/media?parent=51278"}],"wp:term":[{"taxonomy":"category","embeddable":true,"href":"https:\/\/noticiasveracruz.com\/index.php\/wp-json\/wp\/v2\/categories?post=51278"},{"taxonomy":"post_tag","embeddable":true,"href":"https:\/\/noticiasveracruz.com\/index.php\/wp-json\/wp\/v2\/tags?post=51278"}],"curies":[{"name":"wp","href":"https:\/\/api.w.org\/{rel}","templated":true}]}}