{"id":51275,"date":"2025-02-28T00:03:27","date_gmt":"2025-02-28T06:03:27","guid":{"rendered":"https:\/\/noticiasveracruz.com\/?p=51275"},"modified":"2025-02-27T22:33:01","modified_gmt":"2025-02-28T04:33:01","slug":"veracruz-mantiene-flujo-constante-de-inversiones","status":"publish","type":"post","link":"https:\/\/noticiasveracruz.com\/index.php\/2025\/02\/28\/veracruz-mantiene-flujo-constante-de-inversiones\/","title":{"rendered":"Veracruz mantiene flujo constante de inversiones"},"content":{"rendered":"<p>Veracruz contin\u00faa consolid\u00e1ndose como un destino estrat\u00e9gico para la inversi\u00f3n, impulsando el desarrollo econ\u00f3mico con bienestar en la regi\u00f3n, destac\u00f3 la presidenta Claudia Sheinbaum Pardo durante su conferencia Las Ma\u00f1aneras del Pueblo.<\/p>\n<p>Ejemplo de ello es la pr\u00f3xima inauguraci\u00f3n de la Terminal Semiespecializada de Contenedores y Carga, que representa una inversi\u00f3n de 7 mil millones de pesos, as\u00ed como la construcci\u00f3n de la planta de fertilizantes en el Complejo Petroqu\u00edmico Escol\u00edn, en Poza Rica, con una inversi\u00f3n inicial de mil 800 millones de d\u00f3lares.<\/p>\n<p>\u00abVeracruz mantiene un dinamismo constante en la atracci\u00f3n de capital, reflejo de la confianza en su estabilidad y crecimiento econ\u00f3mico, estuve en el estado y constatamos que las inversiones siguen fluyendo\u00bb, se\u00f1al\u00f3.<\/p>\n<p>Hace dos semanas, junto con la gobernadora Roc\u00edo Nahle Garc\u00eda, Sheinbaum Pardo supervis\u00f3 la ampliaci\u00f3n del puerto de Veracruz, donde se han concretado inversiones p\u00fablicas y privadas para fortalecer la capacidad log\u00edstica y comercial del recinto.<\/p>\n<p>Este entorno favorable es resultado de los mecanismos implementados por el Gobierno del Estado para agilizar tr\u00e1mites y facilitar la instalaci\u00f3n y operaci\u00f3n de nuevas empresas, sumado a la riqueza natural, la infraestructura y el talento humano con los que cuenta la entidad.<\/p>\n<p>Este mi\u00e9rcoles, la presidenta de M\u00e9xico anunci\u00f3 que, al cierre de 2024, el pa\u00eds alcanz\u00f3 un m\u00e1ximo hist\u00f3rico en inversi\u00f3n extranjera directa, con un total de 36 mil 872 millones de d\u00f3lares.<\/p>\n","protected":false},"excerpt":{"rendered":"<p>Veracruz contin\u00faa consolid\u00e1ndose como un destino estrat\u00e9gico para la inversi\u00f3n, impulsando el desarrollo econ\u00f3mico con bienestar en la regi\u00f3n, destac\u00f3<\/p>\n","protected":false},"author":4,"featured_media":51276,"comment_status":"closed","ping_status":"closed","sticky":false,"template":"","format":"standard","meta":{"colormag_page_container_layout":"default_layout","colormag_page_sidebar_layout":"default_layout","_jetpack_memberships_contains_paid_content":false,"footnotes":"","jetpack_publicize_message":"","jetpack_publicize_feature_enabled":true,"jetpack_social_post_already_shared":true,"jetpack_social_options":{"image_generator_settings":{"template":"highway","default_image_id":0,"font":"","enabled":false},"version":2}},"categories":[356],"tags":[],"class_list":["post-51275","post","type-post","status-publish","format-standard","has-post-thumbnail","hentry","category-veracruz"],"jetpack_publicize_connections":[],"jetpack_featured_media_url":"https:\/\/noticiasveracruz.com\/wp-content\/uploads\/2025\/02\/9b-12.jpg","jetpack_sharing_enabled":true,"publishpress_future_action":{"enabled":false,"date":"2026-05-08 10:31:12","action":"change-status","newStatus":"draft","terms":[],"taxonomy":"category","extraData":[]},"publishpress_future_workflow_manual_trigger":{"enabledWorkflows":[]},"_links":{"self":[{"href":"https:\/\/noticiasveracruz.com\/index.php\/wp-json\/wp\/v2\/posts\/51275","targetHints":{"allow":["GET"]}}],"collection":[{"href":"https:\/\/noticiasveracruz.com\/index.php\/wp-json\/wp\/v2\/posts"}],"about":[{"href":"https:\/\/noticiasveracruz.com\/index.php\/wp-json\/wp\/v2\/types\/post"}],"author":[{"embeddable":true,"href":"https:\/\/noticiasveracruz.com\/index.php\/wp-json\/wp\/v2\/users\/4"}],"replies":[{"embeddable":true,"href":"https:\/\/noticiasveracruz.com\/index.php\/wp-json\/wp\/v2\/comments?post=51275"}],"version-history":[{"count":0,"href":"https:\/\/noticiasveracruz.com\/index.php\/wp-json\/wp\/v2\/posts\/51275\/revisions"}],"wp:featuredmedia":[{"embeddable":true,"href":"https:\/\/noticiasveracruz.com\/index.php\/wp-json\/wp\/v2\/media\/51276"}],"wp:attachment":[{"href":"https:\/\/noticiasveracruz.com\/index.php\/wp-json\/wp\/v2\/media?parent=51275"}],"wp:term":[{"taxonomy":"category","embeddable":true,"href":"https:\/\/noticiasveracruz.com\/index.php\/wp-json\/wp\/v2\/categories?post=51275"},{"taxonomy":"post_tag","embeddable":true,"href":"https:\/\/noticiasveracruz.com\/index.php\/wp-json\/wp\/v2\/tags?post=51275"}],"curies":[{"name":"wp","href":"https:\/\/api.w.org\/{rel}","templated":true}]}}