{"id":51272,"date":"2025-02-28T00:02:37","date_gmt":"2025-02-28T06:02:37","guid":{"rendered":"https:\/\/noticiasveracruz.com\/?p=51272"},"modified":"2025-02-27T22:32:17","modified_gmt":"2025-02-28T04:32:17","slug":"preinscritos-319-mil-826-estudiantes-sev","status":"publish","type":"post","link":"https:\/\/noticiasveracruz.com\/index.php\/2025\/02\/28\/preinscritos-319-mil-826-estudiantes-sev\/","title":{"rendered":"Preinscritos, 319 mil 826 estudiantes: SEV"},"content":{"rendered":"<p>La Secretar\u00eda de Educaci\u00f3n de Veracruz (SEV) report\u00f3 que, al 25 de febrero, se han registrado preliminarmente 319 mil 826 nuevos estudiantes en educaci\u00f3n b\u00e1sica para el ciclo escolar 2025-2026.<\/p>\n<p>Este n\u00famero abarca preescolar, primaria y secundaria en 17 mil 967 planteles de sostenimiento p\u00fablico y privado.<\/p>\n<p>La Subsecretar\u00eda de Educaci\u00f3n B\u00e1sica inform\u00f3 que el proceso de preinscripci\u00f3n concluy\u00f3 el 14 de febrero, conforme al calendario escolar vigente.<\/p>\n<p>Actualmente, los centros escolares contin\u00faan con la captura de datos en los sistemas de control escolar para precisar el n\u00famero de estudiantes preinscritos.<\/p>\n<p>Asimismo, la SEV exhorta a madres, padres y tutores que a\u00fan no han realizado la preinscripci\u00f3n de sus hijas e hijos a acercarse a las autoridades educativas, a fin de conocer la disponibilidad de cupo en los planteles.<\/p>\n","protected":false},"excerpt":{"rendered":"<p>La Secretar\u00eda de Educaci\u00f3n de Veracruz (SEV) report\u00f3 que, al 25 de febrero, se han registrado preliminarmente 319 mil 826<\/p>\n","protected":false},"author":4,"featured_media":51273,"comment_status":"closed","ping_status":"closed","sticky":false,"template":"","format":"standard","meta":{"colormag_page_container_layout":"default_layout","colormag_page_sidebar_layout":"default_layout","_jetpack_memberships_contains_paid_content":false,"footnotes":"","jetpack_publicize_message":"","jetpack_publicize_feature_enabled":true,"jetpack_social_post_already_shared":true,"jetpack_social_options":{"image_generator_settings":{"template":"highway","default_image_id":0,"font":"","enabled":false},"version":2}},"categories":[356],"tags":[],"class_list":["post-51272","post","type-post","status-publish","format-standard","has-post-thumbnail","hentry","category-veracruz"],"jetpack_publicize_connections":[],"jetpack_featured_media_url":"https:\/\/noticiasveracruz.com\/wp-content\/uploads\/2025\/02\/9c-13.jpg","jetpack_sharing_enabled":true,"publishpress_future_action":{"enabled":false,"date":"2026-05-08 08:55:36","action":"change-status","newStatus":"draft","terms":[],"taxonomy":"category","extraData":[]},"publishpress_future_workflow_manual_trigger":{"enabledWorkflows":[]},"_links":{"self":[{"href":"https:\/\/noticiasveracruz.com\/index.php\/wp-json\/wp\/v2\/posts\/51272","targetHints":{"allow":["GET"]}}],"collection":[{"href":"https:\/\/noticiasveracruz.com\/index.php\/wp-json\/wp\/v2\/posts"}],"about":[{"href":"https:\/\/noticiasveracruz.com\/index.php\/wp-json\/wp\/v2\/types\/post"}],"author":[{"embeddable":true,"href":"https:\/\/noticiasveracruz.com\/index.php\/wp-json\/wp\/v2\/users\/4"}],"replies":[{"embeddable":true,"href":"https:\/\/noticiasveracruz.com\/index.php\/wp-json\/wp\/v2\/comments?post=51272"}],"version-history":[{"count":0,"href":"https:\/\/noticiasveracruz.com\/index.php\/wp-json\/wp\/v2\/posts\/51272\/revisions"}],"wp:featuredmedia":[{"embeddable":true,"href":"https:\/\/noticiasveracruz.com\/index.php\/wp-json\/wp\/v2\/media\/51273"}],"wp:attachment":[{"href":"https:\/\/noticiasveracruz.com\/index.php\/wp-json\/wp\/v2\/media?parent=51272"}],"wp:term":[{"taxonomy":"category","embeddable":true,"href":"https:\/\/noticiasveracruz.com\/index.php\/wp-json\/wp\/v2\/categories?post=51272"},{"taxonomy":"post_tag","embeddable":true,"href":"https:\/\/noticiasveracruz.com\/index.php\/wp-json\/wp\/v2\/tags?post=51272"}],"curies":[{"name":"wp","href":"https:\/\/api.w.org\/{rel}","templated":true}]}}