{"id":51243,"date":"2025-02-27T00:19:17","date_gmt":"2025-02-27T06:19:17","guid":{"rendered":"https:\/\/noticiasveracruz.com\/?p=51243"},"modified":"2025-02-26T23:21:00","modified_gmt":"2025-02-27T05:21:00","slug":"ortega-y-murillo-dan-golpe-final-al-estado-de-derecho-en-nicaragua-onu","status":"publish","type":"post","link":"https:\/\/noticiasveracruz.com\/index.php\/2025\/02\/27\/ortega-y-murillo-dan-golpe-final-al-estado-de-derecho-en-nicaragua-onu\/","title":{"rendered":"Ortega y Murillo dan \u201cgolpe final\u201d al Estado de derecho en Nicaragua: ONU"},"content":{"rendered":"<p>Expertos de la ONU aseguraron que el gobierno de Daniel Ortega y su esposa Rosario Murillo dio un \u201cgolpe final\u201d al Estado de derecho en Nicaragua con la reforma constitucional que les otorg\u00f3 un \u201cdominio absoluto\u201d y una \u201cmaquinaria de represi\u00f3n\u201d, seg\u00fan un informe publicado este mi\u00e9rcoles.<\/p>\n<p>\u201cHan transformado deliberadamente al pa\u00eds en un Estado autoritario, donde no quedan instituciones independientes, las voces disidentes son silenciadas y la poblaci\u00f3n (\u2026) enfrenta persecuci\u00f3n, exilio forzado y represalias econ\u00f3micas\u201d, subray\u00f3 el reporte anual del Grupo de Expertos en Derechos Humanos sobre Nicaragua.<\/p>\n<p>Ortega, ex guerrillero de 79 a\u00f1os que gobern\u00f3 Nicaragua en la d\u00e9cada de 1980 tras el triunfo de la revoluci\u00f3n sandinista, est\u00e1 en el poder desde 2007 y sus cr\u00edticos lo acusan de instaurar una \u201cdictadura familiar\u201d, junto a su esposa, de 73 a\u00f1os.<\/p>\n<p>El cambio casi total a la Constituci\u00f3n, que entr\u00f3 en vigor el 18 de febrero, elev\u00f3 el rango de Murillo de vicepresidenta a \u201ccopresidenta\u201d, concedi\u00f3 al gobierno el control de todos los poderes del Estado, aument\u00f3 el mandato de cinco a seis a\u00f1os y cre\u00f3 un ej\u00e9rcito de decenas de miles de polic\u00edas \u201cvoluntarios\u201d encapuchados.<\/p>\n","protected":false},"excerpt":{"rendered":"<p>Expertos de la ONU aseguraron que el gobierno de Daniel Ortega y su esposa Rosario Murillo dio un \u201cgolpe final\u201d<\/p>\n","protected":false},"author":4,"featured_media":51244,"comment_status":"closed","ping_status":"closed","sticky":false,"template":"","format":"standard","meta":{"colormag_page_container_layout":"default_layout","colormag_page_sidebar_layout":"default_layout","_jetpack_memberships_contains_paid_content":false,"footnotes":"","jetpack_publicize_message":"","jetpack_publicize_feature_enabled":true,"jetpack_social_post_already_shared":true,"jetpack_social_options":{"image_generator_settings":{"template":"highway","default_image_id":0,"font":"","enabled":false},"version":2}},"categories":[355],"tags":[],"class_list":["post-51243","post","type-post","status-publish","format-standard","has-post-thumbnail","hentry","category-internacional"],"jetpack_publicize_connections":[],"jetpack_featured_media_url":"https:\/\/noticiasveracruz.com\/wp-content\/uploads\/2025\/02\/NI.jpg","jetpack_sharing_enabled":true,"publishpress_future_action":{"enabled":false,"date":"2026-05-08 05:51:00","action":"change-status","newStatus":"draft","terms":[],"taxonomy":"category","extraData":[]},"publishpress_future_workflow_manual_trigger":{"enabledWorkflows":[]},"_links":{"self":[{"href":"https:\/\/noticiasveracruz.com\/index.php\/wp-json\/wp\/v2\/posts\/51243","targetHints":{"allow":["GET"]}}],"collection":[{"href":"https:\/\/noticiasveracruz.com\/index.php\/wp-json\/wp\/v2\/posts"}],"about":[{"href":"https:\/\/noticiasveracruz.com\/index.php\/wp-json\/wp\/v2\/types\/post"}],"author":[{"embeddable":true,"href":"https:\/\/noticiasveracruz.com\/index.php\/wp-json\/wp\/v2\/users\/4"}],"replies":[{"embeddable":true,"href":"https:\/\/noticiasveracruz.com\/index.php\/wp-json\/wp\/v2\/comments?post=51243"}],"version-history":[{"count":0,"href":"https:\/\/noticiasveracruz.com\/index.php\/wp-json\/wp\/v2\/posts\/51243\/revisions"}],"wp:featuredmedia":[{"embeddable":true,"href":"https:\/\/noticiasveracruz.com\/index.php\/wp-json\/wp\/v2\/media\/51244"}],"wp:attachment":[{"href":"https:\/\/noticiasveracruz.com\/index.php\/wp-json\/wp\/v2\/media?parent=51243"}],"wp:term":[{"taxonomy":"category","embeddable":true,"href":"https:\/\/noticiasveracruz.com\/index.php\/wp-json\/wp\/v2\/categories?post=51243"},{"taxonomy":"post_tag","embeddable":true,"href":"https:\/\/noticiasveracruz.com\/index.php\/wp-json\/wp\/v2\/tags?post=51243"}],"curies":[{"name":"wp","href":"https:\/\/api.w.org\/{rel}","templated":true}]}}